{"id":68422,"date":"2024-04-30T12:00:00","date_gmt":"2024-04-30T10:00:00","guid":{"rendered":"http:\/\/www.manquepierda.com\/historiarealbetis\/?p=68422"},"modified":"2024-08-14T16:34:55","modified_gmt":"2024-08-14T14:34:55","slug":"hoy-hace-75-anos-13","status":"publish","type":"post","link":"https:\/\/www.manquepierda.com\/historiarealbetis\/hoy-hace-75-anos-13\/","title":{"rendered":"Hoy hace 80 a\u00f1os. Debut de Alfredo Greus."},"content":{"rendered":"<p><a href=\"https:\/\/i0.wp.com\/www.manquepierda.com\/historiarealbetis\/files\/2019\/04\/30-1944-Debut-de-Greus.jpg?ssl=1\"><img data-recalc-dims=\"1\" loading=\"lazy\" decoding=\"async\" class=\"aligncenter size-full wp-image-68423\" src=\"https:\/\/i0.wp.com\/www.manquepierda.com\/historiarealbetis\/files\/2019\/04\/30-1944-Debut-de-Greus.jpg?resize=252%2C322&#038;ssl=1\" alt=\"\" width=\"252\" height=\"322\" srcset=\"https:\/\/i0.wp.com\/www.manquepierda.com\/historiarealbetis\/files\/2019\/04\/30-1944-Debut-de-Greus.jpg?w=252&amp;ssl=1 252w, https:\/\/i0.wp.com\/www.manquepierda.com\/historiarealbetis\/files\/2019\/04\/30-1944-Debut-de-Greus.jpg?resize=172%2C220&amp;ssl=1 172w\" sizes=\"auto, (max-width: 252px) 100vw, 252px\" \/><\/a><\/p>\n<p><span style=\"color: #008000\">El 30 de abril de 1944 debuta oficialmente con el Real Betis Balompi\u00e9 Alfredo Greus Lozano, en el encuentro de ida de los dieciseisavos de final de la Copa que enfrenta en Chamart\u00edn al Real Madrid y al Betis.<\/span><\/p>\n<p><span style=\"color: #008000\">Greus era un guardameta de 22 a\u00f1os que hab\u00eda sido fichado por el Betis ese mismo mes de abril procedente del Real Zaragoza.<\/span><\/p>\n","protected":false},"excerpt":{"rendered":"<p>El 30 de abril de 1944 debuta oficialmente con el Real Betis Balompi\u00e9 Alfredo Greus Lozano, en el encuentro de ida de los dieciseisavos de final de la Copa que enfrenta en Chamart\u00edn al Real Madrid y al Betis. Greus era un guardameta de 22 a\u00f1os que hab\u00eda sido fichado por el Betis ese mismo&#8230;<\/p>\n","protected":false},"author":5,"featured_media":68423,"comment_status":"open","ping_status":"open","sticky":false,"template":"","format":"standard","meta":{"_kad_post_transparent":"","_kad_post_title":"","_kad_post_layout":"","_kad_post_sidebar_id":"","_kad_post_content_style":"","_kad_post_vertical_padding":"","_kad_post_feature":"","_kad_post_feature_position":"","_kad_post_header":false,"_kad_post_footer":false,"_kad_post_classname":"","_jetpack_memberships_contains_paid_content":false,"footnotes":"","jetpack_publicize_message":"","jetpack_publicize_feature_enabled":true,"jetpack_social_post_already_shared":true,"jetpack_social_options":{"image_generator_settings":{"template":"highway","default_image_id":0,"font":"","enabled":false},"version":2}},"categories":[900,14583,1],"tags":[1203,1041,17999],"class_list":["post-68422","post","type-post","status-publish","format-standard","has-post-thumbnail","hentry","category-1940-1949","category-efemerides","category-portada","tag-1203","tag-alfredo-greus","tag-copa-1943-44"],"jetpack_publicize_connections":[],"jetpack_featured_media_url":"https:\/\/i0.wp.com\/www.manquepierda.com\/historiarealbetis\/files\/2019\/04\/30-1944-Debut-de-Greus.jpg?fit=252%2C322&ssl=1","jetpack_sharing_enabled":true,"jetpack_shortlink":"https:\/\/wp.me\/p1ij08-hNA","jetpack-related-posts":[],"_links":{"self":[{"href":"https:\/\/www.manquepierda.com\/historiarealbetis\/wp-json\/wp\/v2\/posts\/68422","targetHints":{"allow":["GET"]}}],"collection":[{"href":"https:\/\/www.manquepierda.com\/historiarealbetis\/wp-json\/wp\/v2\/posts"}],"about":[{"href":"https:\/\/www.manquepierda.com\/historiarealbetis\/wp-json\/wp\/v2\/types\/post"}],"author":[{"embeddable":true,"href":"https:\/\/www.manquepierda.com\/historiarealbetis\/wp-json\/wp\/v2\/users\/5"}],"replies":[{"embeddable":true,"href":"https:\/\/www.manquepierda.com\/historiarealbetis\/wp-json\/wp\/v2\/comments?post=68422"}],"version-history":[{"count":1,"href":"https:\/\/www.manquepierda.com\/historiarealbetis\/wp-json\/wp\/v2\/posts\/68422\/revisions"}],"predecessor-version":[{"id":93315,"href":"https:\/\/www.manquepierda.com\/historiarealbetis\/wp-json\/wp\/v2\/posts\/68422\/revisions\/93315"}],"wp:featuredmedia":[{"embeddable":true,"href":"https:\/\/www.manquepierda.com\/historiarealbetis\/wp-json\/wp\/v2\/media\/68423"}],"wp:attachment":[{"href":"https:\/\/www.manquepierda.com\/historiarealbetis\/wp-json\/wp\/v2\/media?parent=68422"}],"wp:term":[{"taxonomy":"category","embeddable":true,"href":"https:\/\/www.manquepierda.com\/historiarealbetis\/wp-json\/wp\/v2\/categories?post=68422"},{"taxonomy":"post_tag","embeddable":true,"href":"https:\/\/www.manquepierda.com\/historiarealbetis\/wp-json\/wp\/v2\/tags?post=68422"}],"curies":[{"name":"wp","href":"https:\/\/api.w.org\/{rel}","templated":true}]}}