{"id":68487,"date":"2019-05-05T10:24:08","date_gmt":"2019-05-05T08:24:08","guid":{"rendered":"http:\/\/www.manquepierda.com\/historiarealbetis\/?p=68487"},"modified":"2019-05-02T12:29:23","modified_gmt":"2019-05-02T10:29:23","slug":"asi-fue-la-operacion-medallon","status":"publish","type":"post","link":"https:\/\/www.manquepierda.com\/historiarealbetis\/asi-fue-la-operacion-medallon\/","title":{"rendered":"As\u00ed fue la operaci\u00f3n medall\u00f3n"},"content":{"rendered":"<p><a href=\"https:\/\/i0.wp.com\/www.manquepierda.com\/historiarealbetis\/files\/2019\/05\/Portada-de-Feria-2005.jpg?ssl=1\"><img data-recalc-dims=\"1\" loading=\"lazy\" decoding=\"async\" class=\"aligncenter size-full wp-image-68488\" src=\"https:\/\/i0.wp.com\/www.manquepierda.com\/historiarealbetis\/files\/2019\/05\/Portada-de-Feria-2005.jpg?resize=588%2C420&#038;ssl=1\" alt=\"\" width=\"588\" height=\"420\" srcset=\"https:\/\/i0.wp.com\/www.manquepierda.com\/historiarealbetis\/files\/2019\/05\/Portada-de-Feria-2005.jpg?w=588&amp;ssl=1 588w, https:\/\/i0.wp.com\/www.manquepierda.com\/historiarealbetis\/files\/2019\/05\/Portada-de-Feria-2005.jpg?resize=220%2C157&amp;ssl=1 220w\" sizes=\"auto, (max-width: 588px) 100vw, 588px\" \/><\/a><\/p>\n<p>En la Feria del a\u00f1o 2005 se celebr\u00f3 al centenario del Sevilla FC dedic\u00e1ndole la portada del recinto ferial. La pol\u00e9mica surgi\u00f3 cuando se supo que a la figura del Rey San Fernando dibujada en la portada se le hab\u00eda colocado un medall\u00f3n a modo de broche con el escudo del Real Betis Balompi\u00e9.<\/p>\n<p>As\u00ed lo cont\u00f3 la periodista Marta Carracso en las p\u00e1ginas de ABC un 15 de abril del 2005<\/p>\n<p><span style=\"color: #008000\"><em>\u201cAlgo hab\u00eda que hacer\u201d, no hac\u00eda m\u00e1s que repetir uno de los autores de la haza\u00f1a de coronar la portada de la Feria que se dedica al centenario del Sevilla FC, y cumplir la profec\u00eda del rockero Silvio.<\/em><\/span><\/p>\n<p><span style=\"color: #008000\"><em>Ellos, que quieren permanecer en el anonimato, no son pol\u00edticos, pero andan cerca, pero s\u00ed b\u00e9ticos, y aunque contentos con la portada de los abanicos, pensaron que hab\u00eda que hacer algo para que los b\u00e9ticos pudieran entrar \u201csin mirar al suelo\u201d, como dice uno de los cientos de chistes que corren por el Real estos d\u00edas.<\/em><\/span><\/p>\n<p><span style=\"color: #008000\"><em>Pero no han sido los \u201cduendes\u201d, como declaraba el dise\u00f1ador de la portada Rafael Carretero, quien s\u00ed es el \u201cduende\u201d de su caseta, quienes le colocaron al Rey San Fernando, que corona la portada por ambas caras, un escudo del Betis que luce bajo su cuello a modo de medall\u00f3n.<\/em><\/span><\/p>\n<p><span style=\"color: #008000\"><em>\u201cLas dos aficiones est\u00e1n ah\u00ed, una con luz y taqu\u00edgrafos porque la pusimos nosotros, el \u201ccien\u201d del Sevilla, y la otra porque un \u201cduende b\u00e9tico\u201d ha querido, sin duda alguna, unirse tambi\u00e9n a la conmemoraci\u00f3n diciendo \u201caqu\u00ed est\u00e1 mi Betis tambi\u00e9n\u201d, dijo el arquitecto t\u00e9cnico y dise\u00f1ador de la portada, que se\u00f1al\u00f3 que la ocurrencia del Betis ayuda a que los b\u00e9ticos pasen por debajo de la portada \u201ccon orgullo\u201d.<\/em><\/span><\/p>\n<p><span style=\"color: #008000\"><em>Y tampoco ha sido \u201cEl Perlo\u201d, el artista que a\u00f1o tras a\u00f1o pinta con devoci\u00f3n la portada de la Feria de Abril.<\/em><\/span><\/p>\n<p><span style=\"color: #008000\"><em>Sucedi\u00f3 toda la historia cuando la portada, que este a\u00f1o ha costado la friolera de 400.000 euros, estaba ya finalizada. Entonces comenz\u00f3 la trama del escudo, y para no tocar la obra de \u201cEl Perlo\u201d, se pintaron dos medallones en madera, lo suficientemente grandes para que pudieran lucir sin romper la est\u00e9tica del dibujo, pero para que s\u00f3lo se vieran con prism\u00e1ticos.<\/em><\/span><\/p>\n<p><span style=\"color: #008000\"><em>Manos expertas se subieron a la gran gr\u00faa que se utiliza para coronar la portada de Feria y colocar todos los cientos de bombillas, y con martillo y clavos colocaron el medall\u00f3n de madera en el que luce dibujado un escudo del Betis en el mismo cuello del rey San Fernando, como abrochando su capa. Eso s\u00ed, como hay dos reyes hubo que hacer dos medallones.<\/em><\/span><\/p>\n<p><span style=\"color: #008000\"><em>Y todo ello tomando como inspiraci\u00f3n para esta an\u00e9cdota de Feria que va a hacer historia, aquella canci\u00f3n del rockero y sevillista Silvio, el que se bebi\u00f3 la vida de un trago, y que est\u00e1 enterrado en el cementerio al que el rey San Fernando da nombre. Silvio cantaba al Betis porque dec\u00eda que todos sus m\u00fasicos eran b\u00e9ticos, y as\u00ed compuso la canci\u00f3n que dec\u00eda:<\/em><\/span><\/p>\n<p><span style=\"color: #008000\"><em>\u201cCuando el Rey Don San Fernando<\/em><\/span><\/p>\n<p><span style=\"color: #008000\"><em>conquist\u00f3 a Sevilla<\/em><\/span><\/p>\n<p><span style=\"color: #008000\"><em>ya se pregunt\u00f3:<\/em><\/span><\/p>\n<p><span style=\"color: #008000\"><em>\u00bfD\u00f3nde est\u00e1 mi Beeeeetis?<\/em><\/span><\/p>\n<p><span style=\"color: #008000\"><em>Beeeetis<\/em><\/span><\/p>\n<p><span style=\"color: #008000\"><em>Verdes campos de m\u00eda California<\/em><\/span><\/p>\n<p><span style=\"color: #008000\"><em>Verde c\u00e9sped del S\u00e1nchez Pizju\u00e1n<\/em><\/span><\/p>\n<p><span style=\"color: #008000\"><em>Verde quiero ver a toda Espa\u00f1a<\/em><\/span><\/p>\n<p><span style=\"color: #008000\"><em>Y hasta la Real de Sociedad<\/em><\/span><\/p>\n<p><span style=\"color: #008000\"><em>Por eso<\/em><\/span><\/p>\n<p><span style=\"color: #008000\"><em>Beeeeetis, Beeeeetis,<\/em><\/span><\/p>\n<p><span style=\"color: #008000\"><em>Oh, oh, oh\u201d<\/em><\/span><\/p>\n<p><span style=\"color: #008000\"><em>Ya ven, la historia de Sevilla es as\u00ed. Fue un rockero llamado Silvio, quien como en tantas otras cosas se adelant\u00f3 a los acontecimientos como lo hiciera Julio Verne conquistando la luna, y as\u00ed, con su canci\u00f3n, uni\u00f3 al Betis y al Sevilla antes que hubiera existido ni siquiera la idea de hacer una portada conmemorativa, con travesura verde incluida.<\/em><\/span><\/p>\n<p><span style=\"color: #008000\"><em>La broma, seg\u00fan parece, no ha sentado mal ni al presidente del Sevilla, que visit\u00f3 el martes la caseta municipal y que ha calificado el medall\u00f3n de \u201cminiatura inapreciable\u201d, y mucho menos al del Betis, Ruiz de Lopera, al que por supuesto ha gustado.<\/em><\/span><\/p>\n<p><span style=\"color: #008000\"><em>Tampoco lo han visto mal los mun\u00edcipes hispalenses. El propio concejal de Presidencia, Alfonso Rodr\u00edguez G\u00f3mez de Cel\u00eds, declar\u00f3 que \u201chab\u00eda mucha guasa sevillana. Con esa posici\u00f3n d\u00edscola, se ha hecho que la portada sea cien por cien de los sevillanos\u201d.<\/em><\/span><\/p>\n<p><span style=\"color: #008000\"><em>Este gui\u00f1o b\u00e9tico a la portada del Sevilla permitir\u00e1 que los b\u00e9ticos dejen de pensar si pasan o no por la portada de Feria tomando carrerilla, porque como ha dicho Serra Ferrer, \u201cesto del Betis es muy fuerte\u201d. Y es que ya lo dijo anta\u00f1o el rockero Silvio: \u201c\u2026y no pienses m\u00e1s que no hay\u201d.<\/em><\/span><\/p>\n","protected":false},"excerpt":{"rendered":"<p>En la Feria del a\u00f1o 2005 se celebr\u00f3 al centenario del Sevilla FC dedic\u00e1ndole la portada del recinto ferial. La pol\u00e9mica surgi\u00f3 cuando se supo que a la figura del Rey San Fernando dibujada en la portada se le hab\u00eda colocado un medall\u00f3n a modo de broche con el escudo del Real Betis Balompi\u00e9. As\u00ed&#8230;<\/p>\n","protected":false},"author":5,"featured_media":68488,"comment_status":"open","ping_status":"open","sticky":false,"template":"","format":"standard","meta":{"_kad_post_transparent":"","_kad_post_title":"","_kad_post_layout":"","_kad_post_sidebar_id":"","_kad_post_content_style":"","_kad_post_vertical_padding":"","_kad_post_feature":"","_kad_post_feature_position":"","_kad_post_header":false,"_kad_post_footer":false,"_kad_post_classname":"","_jetpack_memberships_contains_paid_content":false,"footnotes":"","jetpack_publicize_message":"","jetpack_publicize_feature_enabled":true,"jetpack_social_post_already_shared":true,"jetpack_social_options":{"image_generator_settings":{"template":"highway","default_image_id":0,"font":"","enabled":false},"version":2}},"categories":[1,1176],"tags":[1630,16920,16921],"class_list":["post-68487","post","type-post","status-publish","format-standard","has-post-thumbnail","hentry","category-portada","category-relatos-de-futbol","tag-1630","tag-feria-de-abril","tag-marta-carrasco"],"jetpack_publicize_connections":[],"jetpack_featured_media_url":"https:\/\/i0.wp.com\/www.manquepierda.com\/historiarealbetis\/files\/2019\/05\/Portada-de-Feria-2005.jpg?fit=588%2C420&ssl=1","jetpack_sharing_enabled":true,"jetpack_shortlink":"https:\/\/wp.me\/p1ij08-hOD","jetpack-related-posts":[],"_links":{"self":[{"href":"https:\/\/www.manquepierda.com\/historiarealbetis\/wp-json\/wp\/v2\/posts\/68487","targetHints":{"allow":["GET"]}}],"collection":[{"href":"https:\/\/www.manquepierda.com\/historiarealbetis\/wp-json\/wp\/v2\/posts"}],"about":[{"href":"https:\/\/www.manquepierda.com\/historiarealbetis\/wp-json\/wp\/v2\/types\/post"}],"author":[{"embeddable":true,"href":"https:\/\/www.manquepierda.com\/historiarealbetis\/wp-json\/wp\/v2\/users\/5"}],"replies":[{"embeddable":true,"href":"https:\/\/www.manquepierda.com\/historiarealbetis\/wp-json\/wp\/v2\/comments?post=68487"}],"version-history":[{"count":0,"href":"https:\/\/www.manquepierda.com\/historiarealbetis\/wp-json\/wp\/v2\/posts\/68487\/revisions"}],"wp:featuredmedia":[{"embeddable":true,"href":"https:\/\/www.manquepierda.com\/historiarealbetis\/wp-json\/wp\/v2\/media\/68488"}],"wp:attachment":[{"href":"https:\/\/www.manquepierda.com\/historiarealbetis\/wp-json\/wp\/v2\/media?parent=68487"}],"wp:term":[{"taxonomy":"category","embeddable":true,"href":"https:\/\/www.manquepierda.com\/historiarealbetis\/wp-json\/wp\/v2\/categories?post=68487"},{"taxonomy":"post_tag","embeddable":true,"href":"https:\/\/www.manquepierda.com\/historiarealbetis\/wp-json\/wp\/v2\/tags?post=68487"}],"curies":[{"name":"wp","href":"https:\/\/api.w.org\/{rel}","templated":true}]}}