{"id":68671,"date":"2019-05-20T09:18:03","date_gmt":"2019-05-20T07:18:03","guid":{"rendered":"http:\/\/www.manquepierda.com\/historiarealbetis\/?p=68671"},"modified":"2024-08-31T15:02:20","modified_gmt":"2024-08-31T13:02:20","slug":"entrevista-alex-1980","status":"publish","type":"post","link":"https:\/\/www.manquepierda.com\/historiarealbetis\/entrevista-alex-1980\/","title":{"rendered":"Entrevista Alex 1980"},"content":{"rendered":"<p><a href=\"https:\/\/i0.wp.com\/www.manquepierda.com\/historiarealbetis\/files\/2019\/05\/Alex-2.png?ssl=1\"><img data-recalc-dims=\"1\" loading=\"lazy\" decoding=\"async\" class=\"aligncenter size-full wp-image-68672\" src=\"https:\/\/i0.wp.com\/www.manquepierda.com\/historiarealbetis\/files\/2019\/05\/Alex-2.png?resize=240%2C280&#038;ssl=1\" alt=\"\" width=\"240\" height=\"280\" srcset=\"https:\/\/i0.wp.com\/www.manquepierda.com\/historiarealbetis\/files\/2019\/05\/Alex-2.png?w=240&amp;ssl=1 240w, https:\/\/i0.wp.com\/www.manquepierda.com\/historiarealbetis\/files\/2019\/05\/Alex-2.png?resize=189%2C220&amp;ssl=1 189w\" sizes=\"auto, (max-width: 240px) 100vw, 240px\" \/><\/a><\/p>\n<p>Al-lal Mohand Amar \u00abAlex\u00bb lleg\u00f3 definitivamente al primer equipo b\u00e9tico en la temporada 1979-80, tras un largo paso por la cantera verdiblanca a la que lleg\u00f3 en 1974 en su etapa juvenil de la mano de Pedro Buenaventura. A\u00fan con 17 a\u00f1os, en mayo de 1975 debut\u00f3 con el primer equipo para jugar un partido del Campeonato Andaluz de Reservas en el Villamar\u00edn contra el Linares.<\/p>\n<p>En las temporadas sucesivas altern\u00f3 su titularidad en el Betis Deportivo con partidos en el primer equipo en este campeonato de reservas y diversos amistosos con el primer equipo, as\u00ed como una cesi\u00f3n en el Xerez Deportivo. De la mano de Le\u00f3n Lasa se integr\u00f3 definitivamente en la primera plantilla en el verano de 1979, una vez finalizada su cesi\u00f3n en el equipo xerecista. Su debut en el primer partido de Liga, en casa frente al Rayo Vallecano, no fue muy afortunado pues de un mal entendimiento entre \u00e9l y Jos\u00e9 Ram\u00f3n Esnaola surgi\u00f3 el gol que dio la victoria al equipo visitante. En este partido sali\u00f3 a la media hora de juego para suplir a Peruena lesionado.<\/p>\n<p>Esta entrevista de febrero de 1980 se hizo poco despu\u00e9s de que renovase por dos a\u00f1os por el primer equipo, despu\u00e9s de una serie de malos entendidos con la direcci\u00f3n t\u00e9cnica del club. Si bien en esta temporada no intervino mucho, poco a poco fue haci\u00e9ndose con un puesto en el eje de la defensa, de forma que en sus 8 temporadas en la primera plantilla Alex disput\u00f3 m\u00e1s de 200 partidos de Liga, y casi 90 en otras competiciones oficiales.<\/p>\n<p>&nbsp;<\/p>\n<p><span style=\"color: #008000\"><em>-S\u00ed, es cierto, la pasada semana renov\u00e9 por dos temporadas m\u00e1s con el Betis. \u00bfMejora econ\u00f3mica? S\u00ed, naturalmente que la hubo, aunque no tanto como yo quer\u00eda ni tan poco como me ofrec\u00edan. Cedimos los dos<\/em><\/span><br \/>\n<span style=\"color: #008000\"><em>Va Alex de suspiro largo tras unos meses de zozobra por su situaci\u00f3n \u201cadministrativa\u201d. Como recordar\u00e1n el central b\u00e9tico sostuvo en estas misma p\u00e1ginas que se encontraba jugando sin contrato con el club verdiblanco; m\u00e1s tarde nos manifestar\u00eda que exist\u00eda un documento firmado por \u00e9l\u2014contrato en blanco, concretamente\u2014que lo ligaba con los de Conde de Barajas hasta final de a\u00f1o. Por \u00faltimo lleg\u00f3 la renovaci\u00f3n. Una renovaci\u00f3n que no ha sido anunciada por la entidad heliopolitana.<\/em><\/span><br \/>\n<span style=\"color: #008000\"><em>&#8211; \u00bfQu\u00e9 hay de aquella pol\u00e9mica que sostuviste con Pedro Buenaventura sobre la existencia o no de tu contrato?<\/em><\/span><br \/>\n<span style=\"color: #008000\"><em>&#8211; Mejor no hablar de eso<\/em><\/span><br \/>\n<span style=\"color: #008000\"><em>&#8211; Pero lo cierto es que afirmabas que jugabas sin contrato<\/em><\/span><br \/>\n<span style=\"color: #008000\"><em>&#8211; Todo eso pas\u00f3. Ahora, gracias a las gestiones de don Jos\u00e9 Le\u00f3n, vicepresidente b\u00e9tico y del benepl\u00e1cito del presidente, me encuentro con la renovaci\u00f3n en el bolsillo por dos a\u00f1os m\u00e1s<\/em><\/span><br \/>\n<span style=\"color: #008000\"><em>&#8211; \u00bfT\u00fa quer\u00edas esto o por el contrario prefer\u00edas esperar, y poder as\u00ed conseguir un traspaso a otro club?<\/em><\/span><br \/>\n<span style=\"color: #008000\"><em>&#8211; Ante todo quer\u00eda quedarme en el Betis. Si por m\u00ed fuera en este club colgar\u00eda las botas. Tengo veintid\u00f3s a\u00f1os y mucho futuro por delante, pero mi mayor ilusi\u00f3n es conseguir la titularidad y retenerla hasta que tenga que abandonar el f\u00fatbol activo<\/em><\/span><br \/>\n<span style=\"color: #008000\"><em>&#8211; Siempre que no triunfases y hubiera por ah\u00ed un grande en busca de tus servicios, \u00bfno?<\/em><\/span><br \/>\n<span style=\"color: #008000\"><em>&#8211; Hombre, la ilusi\u00f3n de todo profesional es pertenecer a un equipo de los grandes, pero yo me encuentro muy a gusto en el Betis<\/em><\/span><br \/>\n<span style=\"color: #008000\"><em>&#8211; Eres suplente\u2026<\/em><\/span><br \/>\n<span style=\"color: #008000\"><em>&#8211; Yo sigo luchando cada d\u00eda para que el entrenador cuente conmigo en cualquier momento. En esta vida hay que tener paciencia y, sobre todo, saber esperar tu oportunidad<\/em><\/span><br \/>\n<span style=\"color: #008000\"><em>&#8211; No te molestes, pero dicen por ah\u00ed que no juegas simplemente porque eres muy malo<\/em><\/span><br \/>\n<span style=\"color: #008000\"><em>&#8211; Me conoces bien y sabes que respeto todas las opiniones, pero \u00e9sta sin embargo no puedo compartirla. Si no valiera para Primera Divisi\u00f3n \u00bfcrees que el Betis me hubiera renovado por dos temporadas m\u00e1s? Lo que ocurre es que no me han ofrecido a\u00fan la suficiente confianza<\/em><\/span><br \/>\n<span style=\"color: #008000\"><em>&#8211; Aquel gol del Rayo en el primer partido que dio la victoria a los madrile\u00f1os\u2026<\/em><\/span><br \/>\n<span style=\"color: #008000\"><em>&#8211; No me considero culpable. Yo cabece\u00e9 el bal\u00f3n hacia Esnaola y \u00e9ste ten\u00eda de cara el esf\u00e9rico, por medio se meti\u00f3 Morena y\u2026<\/em><\/span><br \/>\n<span style=\"color: #008000\"><em>&#8211; Y la gente a chillar\u2026<\/em><\/span><br \/>\n<span style=\"color: #008000\"><em>&#8211; Cuando algo falla siempre paga el plato el de la cantera, el novato<\/em><\/span><br \/>\n<span style=\"color: #008000\"><em>&#8211; \u00bfCarriega?<\/em><\/span><br \/>\n<span style=\"color: #008000\"><em>&#8211; Es el entrenador del Betis<\/em><\/span><br \/>\n<span style=\"color: #008000\"><em>&#8211; Ya\u2026<\/em><\/span><br \/>\n<span style=\"color: #008000\"><em>&#8211; Una excelente persona, que lo sabe todo sobre el f\u00fatbol y muy honrado en su trabajo<\/em><\/span><br \/>\n<span style=\"color: #008000\"><em>&#8211; \u00bfBiosca?<\/em><\/span><br \/>\n<span style=\"color: #008000\"><em>&#8211; Acaso sea el que me cierra el paso, aunque pienso que tambi\u00e9n podr\u00eda yo jugar de libre. Sin duda alguna Antonio es el mejor central con los que cuenta el Betis<\/em><\/span><br \/>\n<span style=\"color: #008000\"><em>&#8211; \u00bfAlex?<\/em><\/span><br \/>\n<span style=\"color: #008000\"><em>&#8211; Un chaval de la cantera que desea triunfar en el Betis a toda costa<\/em><\/span><\/p>\n<p><span style=\"color: #008000\"><em>Le quedan dos a\u00f1os m\u00e1s para conseguirlo. Uno cree sinceramente que este Alex, de hablar pausado y de humanidad desbordante, todav\u00eda no ha conseguido la madurez precisa para hacerse son ese \u201ccinco\u201d en propiedad. Si en \u00e9l conf\u00eda el club, el entrenador y los t\u00e9cnicos verdiblancos, por qu\u00e9 no darle un voto de confianza. <\/em><\/span><\/p>\n<p>Fuente: Francisco P\u00e9rez en Nueva Andaluc\u00eda 21 de febrero de 1980<\/p>\n","protected":false},"excerpt":{"rendered":"<p>Al-lal Mohand Amar \u00abAlex\u00bb lleg\u00f3 definitivamente al primer equipo b\u00e9tico en la temporada 1979-80, tras un largo paso por la cantera verdiblanca a la que lleg\u00f3 en 1974 en su etapa juvenil de la mano de Pedro Buenaventura. A\u00fan con 17 a\u00f1os, en mayo de 1975 debut\u00f3 con el primer equipo para jugar un partido&#8230;<\/p>\n","protected":false},"author":5,"featured_media":68672,"comment_status":"open","ping_status":"open","sticky":false,"template":"","format":"standard","meta":{"_kad_post_transparent":"","_kad_post_title":"","_kad_post_layout":"","_kad_post_sidebar_id":"","_kad_post_content_style":"","_kad_post_vertical_padding":"","_kad_post_feature":"","_kad_post_feature_position":"","_kad_post_header":false,"_kad_post_footer":false,"_kad_post_classname":"","_jetpack_memberships_contains_paid_content":false,"footnotes":"","jetpack_publicize_message":"","jetpack_publicize_feature_enabled":true,"jetpack_social_post_already_shared":true,"jetpack_social_options":{"image_generator_settings":{"template":"highway","default_image_id":0,"font":"","enabled":false},"version":2}},"categories":[904,893,1],"tags":[2641,1093,13196],"class_list":["post-68671","post","type-post","status-publish","format-standard","has-post-thumbnail","hentry","category-1980-1989","category-jugadores-temas","category-portada","tag-1979-80","tag-1093","tag-al-lal-mohand-alex"],"jetpack_publicize_connections":[],"jetpack_featured_media_url":"https:\/\/i0.wp.com\/www.manquepierda.com\/historiarealbetis\/files\/2019\/05\/Alex-2.png?fit=240%2C280&ssl=1","jetpack_sharing_enabled":true,"jetpack_shortlink":"https:\/\/wp.me\/p1ij08-hRB","jetpack-related-posts":[],"_links":{"self":[{"href":"https:\/\/www.manquepierda.com\/historiarealbetis\/wp-json\/wp\/v2\/posts\/68671","targetHints":{"allow":["GET"]}}],"collection":[{"href":"https:\/\/www.manquepierda.com\/historiarealbetis\/wp-json\/wp\/v2\/posts"}],"about":[{"href":"https:\/\/www.manquepierda.com\/historiarealbetis\/wp-json\/wp\/v2\/types\/post"}],"author":[{"embeddable":true,"href":"https:\/\/www.manquepierda.com\/historiarealbetis\/wp-json\/wp\/v2\/users\/5"}],"replies":[{"embeddable":true,"href":"https:\/\/www.manquepierda.com\/historiarealbetis\/wp-json\/wp\/v2\/comments?post=68671"}],"version-history":[{"count":1,"href":"https:\/\/www.manquepierda.com\/historiarealbetis\/wp-json\/wp\/v2\/posts\/68671\/revisions"}],"predecessor-version":[{"id":98325,"href":"https:\/\/www.manquepierda.com\/historiarealbetis\/wp-json\/wp\/v2\/posts\/68671\/revisions\/98325"}],"wp:featuredmedia":[{"embeddable":true,"href":"https:\/\/www.manquepierda.com\/historiarealbetis\/wp-json\/wp\/v2\/media\/68672"}],"wp:attachment":[{"href":"https:\/\/www.manquepierda.com\/historiarealbetis\/wp-json\/wp\/v2\/media?parent=68671"}],"wp:term":[{"taxonomy":"category","embeddable":true,"href":"https:\/\/www.manquepierda.com\/historiarealbetis\/wp-json\/wp\/v2\/categories?post=68671"},{"taxonomy":"post_tag","embeddable":true,"href":"https:\/\/www.manquepierda.com\/historiarealbetis\/wp-json\/wp\/v2\/tags?post=68671"}],"curies":[{"name":"wp","href":"https:\/\/api.w.org\/{rel}","templated":true}]}}