{"id":68687,"date":"2019-05-22T09:49:28","date_gmt":"2019-05-22T07:49:28","guid":{"rendered":"http:\/\/www.manquepierda.com\/historiarealbetis\/?p=68687"},"modified":"2024-08-20T08:53:09","modified_gmt":"2024-08-20T06:53:09","slug":"estreno-de-la-equipacion-del-centenario-2007","status":"publish","type":"post","link":"https:\/\/www.manquepierda.com\/historiarealbetis\/estreno-de-la-equipacion-del-centenario-2007\/","title":{"rendered":"Estreno de la equipaci\u00f3n del Centenario 2007"},"content":{"rendered":"<p><a href=\"https:\/\/i0.wp.com\/www.manquepierda.com\/historiarealbetis\/files\/2019\/05\/2007-04-01-Estreno-equipaci%C3%B3n-del-Centenario.jpg?ssl=1\"><img data-recalc-dims=\"1\" loading=\"lazy\" decoding=\"async\" class=\"aligncenter size-full wp-image-68688\" src=\"https:\/\/i0.wp.com\/www.manquepierda.com\/historiarealbetis\/files\/2019\/05\/2007-04-01-Estreno-equipaci%C3%B3n-del-Centenario.jpg?resize=565%2C465&#038;ssl=1\" alt=\"\" width=\"565\" height=\"465\" srcset=\"https:\/\/i0.wp.com\/www.manquepierda.com\/historiarealbetis\/files\/2019\/05\/2007-04-01-Estreno-equipaci%C3%B3n-del-Centenario.jpg?w=565&amp;ssl=1 565w, https:\/\/i0.wp.com\/www.manquepierda.com\/historiarealbetis\/files\/2019\/05\/2007-04-01-Estreno-equipaci%C3%B3n-del-Centenario.jpg?resize=220%2C181&amp;ssl=1 220w\" sizes=\"auto, (max-width: 565px) 100vw, 565px\" \/><\/a><\/p>\n<p>En el partido jugado en La Cartuja, por el cierre del Ruiz de Lopera, el 31 de marzo de 2007 contra el Villarreal en la jornada 28 del Campeonato de Liga de Primera Divisi\u00f3n, se produjo el estreno de la primera equipaci\u00f3n dise\u00f1ada para conmemorar el Centenario del club b\u00e9tico.<\/p>\n<p>Se trataba de una camiseta con rayas verticales verdiblancas, m\u00e1s finas que las que se estaban utilizando esa temporada, y que en la parte superior derecha llevaban el logotipo del Centenario b\u00e9tico con las dos B.<\/p>\n<p><a href=\"https:\/\/i0.wp.com\/www.manquepierda.com\/historiarealbetis\/files\/2019\/05\/Logotipo-Centenario-2007.jpg?ssl=1\"><img data-recalc-dims=\"1\" loading=\"lazy\" decoding=\"async\" class=\"aligncenter size-full wp-image-68691\" src=\"https:\/\/i0.wp.com\/www.manquepierda.com\/historiarealbetis\/files\/2019\/05\/Logotipo-Centenario-2007.jpg?resize=304%2C354&#038;ssl=1\" alt=\"\" width=\"304\" height=\"354\" srcset=\"https:\/\/i0.wp.com\/www.manquepierda.com\/historiarealbetis\/files\/2019\/05\/Logotipo-Centenario-2007.jpg?w=304&amp;ssl=1 304w, https:\/\/i0.wp.com\/www.manquepierda.com\/historiarealbetis\/files\/2019\/05\/Logotipo-Centenario-2007.jpg?resize=189%2C220&amp;ssl=1 189w\" sizes=\"auto, (max-width: 304px) 100vw, 304px\" \/><\/a><\/p>\n<p>En la imagen Marcos Assun\u00e7ao y Fernando Fern\u00e1ndez aparecen en ese partido portando la nueva equipaci\u00f3n que llevar\u00eda el equipo hasta el final de ese a\u00f1o 2007. Junto a ellos el colegiado Mejuto Gonz\u00e1lez.<\/p>\n","protected":false},"excerpt":{"rendered":"<p>En el partido jugado en La Cartuja, por el cierre del Ruiz de Lopera, el 31 de marzo de 2007 contra el Villarreal en la jornada 28 del Campeonato de Liga de Primera Divisi\u00f3n, se produjo el estreno de la primera equipaci\u00f3n dise\u00f1ada para conmemorar el Centenario del club b\u00e9tico. Se trataba de una camiseta&#8230;<\/p>\n","protected":false},"author":5,"featured_media":68688,"comment_status":"open","ping_status":"open","sticky":false,"template":"","format":"standard","meta":{"_kad_post_transparent":"","_kad_post_title":"","_kad_post_layout":"","_kad_post_sidebar_id":"","_kad_post_content_style":"","_kad_post_vertical_padding":"","_kad_post_feature":"","_kad_post_feature_position":"","_kad_post_header":false,"_kad_post_footer":false,"_kad_post_classname":"","_jetpack_memberships_contains_paid_content":false,"footnotes":"","jetpack_publicize_message":"","jetpack_publicize_feature_enabled":true,"jetpack_social_post_already_shared":true,"jetpack_social_options":{"image_generator_settings":{"template":"highway","default_image_id":0,"font":"","enabled":false},"version":2}},"categories":[4823,1],"tags":[8675,8674,1364,17931,563,4007],"class_list":["post-68687","post","type-post","status-publish","format-standard","has-post-thumbnail","hentry","category-2000-2009","category-portada","tag-2006-07","tag-8674","tag-fernando-fernandez","tag-liga-primera-2006-07","tag-marcos-assuncao","tag-villarreal-cf"],"jetpack_publicize_connections":[],"jetpack_featured_media_url":"https:\/\/i0.wp.com\/www.manquepierda.com\/historiarealbetis\/files\/2019\/05\/2007-04-01-Estreno-equipaci%C3%B3n-del-Centenario.jpg?fit=565%2C465&ssl=1","jetpack_sharing_enabled":true,"jetpack_shortlink":"https:\/\/wp.me\/p1ij08-hRR","jetpack-related-posts":[],"_links":{"self":[{"href":"https:\/\/www.manquepierda.com\/historiarealbetis\/wp-json\/wp\/v2\/posts\/68687","targetHints":{"allow":["GET"]}}],"collection":[{"href":"https:\/\/www.manquepierda.com\/historiarealbetis\/wp-json\/wp\/v2\/posts"}],"about":[{"href":"https:\/\/www.manquepierda.com\/historiarealbetis\/wp-json\/wp\/v2\/types\/post"}],"author":[{"embeddable":true,"href":"https:\/\/www.manquepierda.com\/historiarealbetis\/wp-json\/wp\/v2\/users\/5"}],"replies":[{"embeddable":true,"href":"https:\/\/www.manquepierda.com\/historiarealbetis\/wp-json\/wp\/v2\/comments?post=68687"}],"version-history":[{"count":1,"href":"https:\/\/www.manquepierda.com\/historiarealbetis\/wp-json\/wp\/v2\/posts\/68687\/revisions"}],"predecessor-version":[{"id":97253,"href":"https:\/\/www.manquepierda.com\/historiarealbetis\/wp-json\/wp\/v2\/posts\/68687\/revisions\/97253"}],"wp:featuredmedia":[{"embeddable":true,"href":"https:\/\/www.manquepierda.com\/historiarealbetis\/wp-json\/wp\/v2\/media\/68688"}],"wp:attachment":[{"href":"https:\/\/www.manquepierda.com\/historiarealbetis\/wp-json\/wp\/v2\/media?parent=68687"}],"wp:term":[{"taxonomy":"category","embeddable":true,"href":"https:\/\/www.manquepierda.com\/historiarealbetis\/wp-json\/wp\/v2\/categories?post=68687"},{"taxonomy":"post_tag","embeddable":true,"href":"https:\/\/www.manquepierda.com\/historiarealbetis\/wp-json\/wp\/v2\/tags?post=68687"}],"curies":[{"name":"wp","href":"https:\/\/api.w.org\/{rel}","templated":true}]}}