{"id":68694,"date":"2019-05-23T09:21:09","date_gmt":"2019-05-23T07:21:09","guid":{"rendered":"http:\/\/www.manquepierda.com\/historiarealbetis\/?p=68694"},"modified":"2019-05-20T23:43:06","modified_gmt":"2019-05-20T21:43:06","slug":"llamamiento-de-la-federacion-de-penas-beticas-1970","status":"publish","type":"post","link":"https:\/\/www.manquepierda.com\/historiarealbetis\/llamamiento-de-la-federacion-de-penas-beticas-1970\/","title":{"rendered":"Llamamiento de la Federaci\u00f3n de Pe\u00f1as B\u00e9ticas 1970"},"content":{"rendered":"<p><a href=\"https:\/\/i0.wp.com\/www.manquepierda.com\/historiarealbetis\/files\/2019\/05\/Llamamiento-de-las-Pe%C3%B1as-a-la-afici%C3%B3n-1970-NMP-ABC-7-2-1970.jpg?ssl=1\"><img data-recalc-dims=\"1\" loading=\"lazy\" decoding=\"async\" class=\"aligncenter size-medium wp-image-68696\" src=\"https:\/\/i0.wp.com\/www.manquepierda.com\/historiarealbetis\/files\/2019\/05\/Llamamiento-de-las-Pe%C3%B1as-a-la-afici%C3%B3n-1970-NMP-ABC-7-2-1970.jpg?resize=680%2C137&#038;ssl=1\" alt=\"\" width=\"680\" height=\"137\" srcset=\"https:\/\/i0.wp.com\/www.manquepierda.com\/historiarealbetis\/files\/2019\/05\/Llamamiento-de-las-Pe%C3%B1as-a-la-afici%C3%B3n-1970-NMP-ABC-7-2-1970.jpg?resize=680%2C137&amp;ssl=1 680w, https:\/\/i0.wp.com\/www.manquepierda.com\/historiarealbetis\/files\/2019\/05\/Llamamiento-de-las-Pe%C3%B1as-a-la-afici%C3%B3n-1970-NMP-ABC-7-2-1970.jpg?resize=220%2C44&amp;ssl=1 220w, https:\/\/i0.wp.com\/www.manquepierda.com\/historiarealbetis\/files\/2019\/05\/Llamamiento-de-las-Pe%C3%B1as-a-la-afici%C3%B3n-1970-NMP-ABC-7-2-1970.jpg?resize=768%2C155&amp;ssl=1 768w, https:\/\/i0.wp.com\/www.manquepierda.com\/historiarealbetis\/files\/2019\/05\/Llamamiento-de-las-Pe%C3%B1as-a-la-afici%C3%B3n-1970-NMP-ABC-7-2-1970.jpg?resize=960%2C194&amp;ssl=1 960w, https:\/\/i0.wp.com\/www.manquepierda.com\/historiarealbetis\/files\/2019\/05\/Llamamiento-de-las-Pe%C3%B1as-a-la-afici%C3%B3n-1970-NMP-ABC-7-2-1970.jpg?w=1100&amp;ssl=1 1100w\" sizes=\"auto, (max-width: 680px) 100vw, 680px\" \/><\/a><\/p>\n<p>El 8 de febrero de 1970 el Betis ten\u00eda que recibir en el Villamar\u00edn al C\u00f3rdoba en partido de la jornada 23 del Campeonato de Liga de Segunda Divisi\u00f3n.<\/p>\n<p>El equipo entrenado por Antonio Barrios era sexto en la clasificaci\u00f3n con 26 puntos, mientras que el C\u00f3rdoba era cuarto con 28 puntos. Por delante el Sporting de Gij\u00f3n con 33, Espanyol con 29 y Rayo Vallecano con 28. Entre uno y otro el M\u00e1laga con 26. Una Liga muy apretada y en la que b\u00e9ticos y cordobesistas se ve\u00edan las caras para pelear por una plaza de ascenso.<\/p>\n<p>Las aspiraciones b\u00e9ticas hab\u00edan deca\u00eddo despu\u00e9s de dos derrotas consecutivas\u00a0 en las salidas a Gij\u00f3n y Pamplona, perdiendo una plaza entre los 3 primeros, mientras que el C\u00f3rdoba acumulaba 8 semanas imbatido. Se especulaba con una presencia masiva de seguidores blanquiverdes, en torno a diez mil, en las gradas del Villamar\u00edn.<\/p>\n<p>Ante ello la Federaci\u00f3n de Pe\u00f1as B\u00e9ticas hizo un llamamiento a la afici\u00f3n verdiblanca el 6 de febrero, dos d\u00edas antes del encuentro, en el sentido de recabar su apoyo para el partido y de que no hab\u00eda nada a\u00fan decidido.<\/p>\n<p><span style=\"color: #008000\"><em>Reunida la Federaci\u00f3n de Pe\u00f1as B\u00e9ticas de Sevilla y su provincia en la noche de hoy, una representaci\u00f3n de la misma visit\u00f3 seguidamente a la Junta directiva del Real Betis Balompi\u00e9, haciendo patente su total adhesi\u00f3n ante el trascendental partido que se celebra el domingo en el estadio Villamar\u00edn, al cual deber\u00e1 acudir masivamente toda la afici\u00f3n verdiblanca.<\/em><\/span><\/p>\n<p><span style=\"color: #008000\"><em>En la entrevista se acord\u00f3 hacer p\u00fablica esta nota para estimular la presencia de todos los seguidores de la sociedad en nuestro campo, y as\u00ed contrarrestar el apoyo que el C\u00f3rdoba tendr\u00e1 con sus miles de incondicionales.<\/em><\/span><\/p>\n<p><span style=\"color: #008000\"><em>Los jugadores del Real Betis Balompi\u00e9 deben sentir el calor de todos los b\u00e9ticos, y, para ello, la presencia en masa es imprescindible, ya que en estos momentos la ansiada meta de nuestro ascenso ha de pronunciarse rigurosamente en este encuentro de rivalidad regional. Las Pe\u00f1as han ofrecido su aliento m\u00e1ximo, y as\u00ed lo esperan de todos los que sienten entra\u00f1ablemente los colores de nuestro querido club.<\/em><\/span><\/p>\n<p><span style=\"color: #008000\"><em>Se aguarda, pues, la asistencia total de la afici\u00f3n b\u00e9tica que, sin olvidar la hospitalidad tradicional que debe tenerse con los visitantes, sepa infundir a nuestro equipo el apoyo incondicional que en estos momentos necesita.<\/em><\/span><\/p>\n<p><span style=\"color: #008000\"><em>Por la Federaci\u00f3n de Pe\u00f1as B\u00e9ticas, Alfredo Negri Iglesias, vicepresidente. \u00a0<\/em><\/span><\/p>\n<p>El partido, disputado en un clima de gran expectaci\u00f3n y con una excelente entrada, termin\u00f3 con empate a 0.<\/p>\n","protected":false},"excerpt":{"rendered":"<p>El 8 de febrero de 1970 el Betis ten\u00eda que recibir en el Villamar\u00edn al C\u00f3rdoba en partido de la jornada 23 del Campeonato de Liga de Segunda Divisi\u00f3n. El equipo entrenado por Antonio Barrios era sexto en la clasificaci\u00f3n con 26 puntos, mientras que el C\u00f3rdoba era cuarto con 28 puntos. Por delante el&#8230;<\/p>\n","protected":false},"author":5,"featured_media":68696,"comment_status":"open","ping_status":"open","sticky":false,"template":"","format":"standard","meta":{"_kad_post_transparent":"","_kad_post_title":"","_kad_post_layout":"","_kad_post_sidebar_id":"","_kad_post_content_style":"","_kad_post_vertical_padding":"","_kad_post_feature":"","_kad_post_feature_position":"","_kad_post_header":false,"_kad_post_footer":false,"_kad_post_classname":"","_jetpack_memberships_contains_paid_content":false,"footnotes":"","jetpack_publicize_message":"","jetpack_publicize_feature_enabled":true,"jetpack_social_post_already_shared":true,"jetpack_social_options":{"image_generator_settings":{"template":"highway","default_image_id":0,"font":"","enabled":false},"version":2}},"categories":[903,1],"tags":[4844,4639,16224],"class_list":["post-68694","post","type-post","status-publish","format-standard","has-post-thumbnail","hentry","category-1970-1979","category-portada","tag-1969-70","tag-4639","tag-federacion-de-penas-beticas"],"jetpack_publicize_connections":[],"jetpack_featured_media_url":"https:\/\/i0.wp.com\/www.manquepierda.com\/historiarealbetis\/files\/2019\/05\/Llamamiento-de-las-Pe%C3%B1as-a-la-afici%C3%B3n-1970-NMP-ABC-7-2-1970.jpg?fit=1100%2C222&ssl=1","jetpack_sharing_enabled":true,"jetpack_shortlink":"https:\/\/wp.me\/p1ij08-hRY","jetpack-related-posts":[],"_links":{"self":[{"href":"https:\/\/www.manquepierda.com\/historiarealbetis\/wp-json\/wp\/v2\/posts\/68694","targetHints":{"allow":["GET"]}}],"collection":[{"href":"https:\/\/www.manquepierda.com\/historiarealbetis\/wp-json\/wp\/v2\/posts"}],"about":[{"href":"https:\/\/www.manquepierda.com\/historiarealbetis\/wp-json\/wp\/v2\/types\/post"}],"author":[{"embeddable":true,"href":"https:\/\/www.manquepierda.com\/historiarealbetis\/wp-json\/wp\/v2\/users\/5"}],"replies":[{"embeddable":true,"href":"https:\/\/www.manquepierda.com\/historiarealbetis\/wp-json\/wp\/v2\/comments?post=68694"}],"version-history":[{"count":0,"href":"https:\/\/www.manquepierda.com\/historiarealbetis\/wp-json\/wp\/v2\/posts\/68694\/revisions"}],"wp:featuredmedia":[{"embeddable":true,"href":"https:\/\/www.manquepierda.com\/historiarealbetis\/wp-json\/wp\/v2\/media\/68696"}],"wp:attachment":[{"href":"https:\/\/www.manquepierda.com\/historiarealbetis\/wp-json\/wp\/v2\/media?parent=68694"}],"wp:term":[{"taxonomy":"category","embeddable":true,"href":"https:\/\/www.manquepierda.com\/historiarealbetis\/wp-json\/wp\/v2\/categories?post=68694"},{"taxonomy":"post_tag","embeddable":true,"href":"https:\/\/www.manquepierda.com\/historiarealbetis\/wp-json\/wp\/v2\/tags?post=68694"}],"curies":[{"name":"wp","href":"https:\/\/api.w.org\/{rel}","templated":true}]}}