{"id":68856,"date":"2019-06-06T09:25:32","date_gmt":"2019-06-06T07:25:32","guid":{"rendered":"http:\/\/www.manquepierda.com\/historiarealbetis\/?p=68856"},"modified":"2021-06-21T18:11:00","modified_gmt":"2021-06-21T16:11:00","slug":"presentacion-del-betis-deportivo-1987","status":"publish","type":"post","link":"https:\/\/www.manquepierda.com\/historiarealbetis\/presentacion-del-betis-deportivo-1987\/","title":{"rendered":"Presentaci\u00f3n del Betis Deportivo 1987"},"content":{"rendered":"<p><a href=\"https:\/\/i0.wp.com\/www.manquepierda.com\/historiarealbetis\/files\/2019\/06\/Presentaci%C3%B3n-del-Betis-Deportivo-1987-NMP-Diario-16-24-07-1987.jpg?ssl=1\"><img data-recalc-dims=\"1\" loading=\"lazy\" decoding=\"async\" class=\"aligncenter size-medium wp-image-68857\" src=\"https:\/\/i0.wp.com\/www.manquepierda.com\/historiarealbetis\/files\/2019\/06\/Presentaci%C3%B3n-del-Betis-Deportivo-1987-NMP-Diario-16-24-07-1987.jpg?resize=680%2C431&#038;ssl=1\" alt=\"\" width=\"680\" height=\"431\" srcset=\"https:\/\/i0.wp.com\/www.manquepierda.com\/historiarealbetis\/files\/2019\/06\/Presentaci%C3%B3n-del-Betis-Deportivo-1987-NMP-Diario-16-24-07-1987.jpg?resize=680%2C431&amp;ssl=1 680w, https:\/\/i0.wp.com\/www.manquepierda.com\/historiarealbetis\/files\/2019\/06\/Presentaci%C3%B3n-del-Betis-Deportivo-1987-NMP-Diario-16-24-07-1987.jpg?resize=220%2C140&amp;ssl=1 220w, https:\/\/i0.wp.com\/www.manquepierda.com\/historiarealbetis\/files\/2019\/06\/Presentaci%C3%B3n-del-Betis-Deportivo-1987-NMP-Diario-16-24-07-1987.jpg?w=703&amp;ssl=1 703w\" sizes=\"auto, (max-width: 680px) 100vw, 680px\" \/><\/a><\/p>\n<p>El 23 de julio de 1987 se presenta en el Benito Villamar\u00edn la plantilla del Betis Deportivo Balompi\u00e9.<\/p>\n<p>El equipo, dirigido por Julio Vilari\u00f1o, hab\u00eda recuperado esa temporada la Segunda B y se presentaba con la ilusi\u00f3n de mantener la categor\u00eda.&nbsp; Lo jugadores presentes ese d\u00eda fueron los porteros Anto\u00f1ito (Atl. Sanluque\u00f1o) y Alvaro (Bollullos); los defensas Mariano, Bravo, Pitero, Alberto, Gonz\u00e1lez y Calder\u00f3n; los centrocampistas Enrique, Fede (Bollullos), Recha, Momparlet (Menorca), Nico (Cacere\u00f1o), Salvi (Bollullos) y Justo; y los delanteros Carvajal, Rodr\u00edguez, Santos, Palomino, Rangel, Sutil (Palam\u00f3s) y Conte.<\/p>\n<p>Todos los futbolistas que se presentaron hab\u00edan pertenecido en la temporada anterior a la disciplina verdiblanca, aunque algunos de ellos hab\u00edan estado cedido a otros clubs. Y otros jugadores que eran del Betis Deportivo no se presentaron este d\u00eda con el equipo por estar realizando la pretemporada con el primer equipo, como eran los casos de Ure\u00f1a, Salado, Miguel Angel y Piriz. Tambi\u00e9n se contaba con la baja de Camacho cedido al CD Tenerife.<\/p>\n<p>Fue el vicepresidente b\u00e9tico Miguel Espina el encargado de dar la bienvenida a los jugadores ante la nueva temporada, dese\u00e1ndoles que triunfasen y alcanzasen las filas del primer equipo.<\/p>\n<p>&nbsp;<\/p>\n","protected":false},"excerpt":{"rendered":"<p>El 23 de julio de 1987 se presenta en el Benito Villamar\u00edn la plantilla del Betis Deportivo Balompi\u00e9. El equipo, dirigido por Julio Vilari\u00f1o, hab\u00eda recuperado esa temporada la Segunda B y se presentaba con la ilusi\u00f3n de mantener la categor\u00eda.&nbsp; Lo jugadores presentes ese d\u00eda fueron los porteros Anto\u00f1ito (Atl. Sanluque\u00f1o) y Alvaro (Bollullos);&#8230;<\/p>\n","protected":false},"author":5,"featured_media":68857,"comment_status":"open","ping_status":"open","sticky":false,"template":"","format":"standard","meta":{"_kad_post_transparent":"","_kad_post_title":"","_kad_post_layout":"","_kad_post_sidebar_id":"","_kad_post_content_style":"","_kad_post_vertical_padding":"","_kad_post_feature":"","_kad_post_feature_position":"","_kad_post_header":false,"_kad_post_footer":false,"_kad_post_classname":"","_jetpack_memberships_contains_paid_content":false,"footnotes":"","jetpack_publicize_message":"","jetpack_publicize_feature_enabled":true,"jetpack_social_post_already_shared":true,"jetpack_social_options":{"image_generator_settings":{"template":"highway","default_image_id":0,"font":"","enabled":false},"version":2}},"categories":[904,17191,1],"tags":[5586,8505,3355],"class_list":["post-68856","post","type-post","status-publish","format-standard","has-post-thumbnail","hentry","category-1980-1989","category-cantera","category-portada","tag-5586","tag-1987-88","tag-betis-deportivo-balompie"],"jetpack_publicize_connections":[],"jetpack_featured_media_url":"https:\/\/i0.wp.com\/www.manquepierda.com\/historiarealbetis\/files\/2019\/06\/Presentaci%C3%B3n-del-Betis-Deportivo-1987-NMP-Diario-16-24-07-1987.jpg?fit=703%2C446&ssl=1","jetpack_sharing_enabled":true,"jetpack_shortlink":"https:\/\/wp.me\/p1ij08-hUA","jetpack-related-posts":[],"_links":{"self":[{"href":"https:\/\/www.manquepierda.com\/historiarealbetis\/wp-json\/wp\/v2\/posts\/68856","targetHints":{"allow":["GET"]}}],"collection":[{"href":"https:\/\/www.manquepierda.com\/historiarealbetis\/wp-json\/wp\/v2\/posts"}],"about":[{"href":"https:\/\/www.manquepierda.com\/historiarealbetis\/wp-json\/wp\/v2\/types\/post"}],"author":[{"embeddable":true,"href":"https:\/\/www.manquepierda.com\/historiarealbetis\/wp-json\/wp\/v2\/users\/5"}],"replies":[{"embeddable":true,"href":"https:\/\/www.manquepierda.com\/historiarealbetis\/wp-json\/wp\/v2\/comments?post=68856"}],"version-history":[{"count":0,"href":"https:\/\/www.manquepierda.com\/historiarealbetis\/wp-json\/wp\/v2\/posts\/68856\/revisions"}],"wp:featuredmedia":[{"embeddable":true,"href":"https:\/\/www.manquepierda.com\/historiarealbetis\/wp-json\/wp\/v2\/media\/68857"}],"wp:attachment":[{"href":"https:\/\/www.manquepierda.com\/historiarealbetis\/wp-json\/wp\/v2\/media?parent=68856"}],"wp:term":[{"taxonomy":"category","embeddable":true,"href":"https:\/\/www.manquepierda.com\/historiarealbetis\/wp-json\/wp\/v2\/categories?post=68856"},{"taxonomy":"post_tag","embeddable":true,"href":"https:\/\/www.manquepierda.com\/historiarealbetis\/wp-json\/wp\/v2\/tags?post=68856"}],"curies":[{"name":"wp","href":"https:\/\/api.w.org\/{rel}","templated":true}]}}