{"id":68870,"date":"2022-06-06T11:00:00","date_gmt":"2022-06-06T09:00:00","guid":{"rendered":"http:\/\/www.manquepierda.com\/historiarealbetis\/?p=68870"},"modified":"2024-08-11T15:44:46","modified_gmt":"2024-08-11T13:44:46","slug":"hoy-hace-60-anos-38","status":"publish","type":"post","link":"https:\/\/www.manquepierda.com\/historiarealbetis\/hoy-hace-60-anos-38\/","title":{"rendered":"Hoy hace 63 a\u00f1os. Inauguraci\u00f3n de la iluminaci\u00f3n nocturna de Heli\u00f3polis."},"content":{"rendered":"<p><a href=\"https:\/\/i0.wp.com\/www.manquepierda.com\/historiarealbetis\/files\/2019\/06\/6-1959-Inauguraci%C3%B3n-iliminaci%C3%B3n.jpg?ssl=1\"><img data-recalc-dims=\"1\" loading=\"lazy\" decoding=\"async\" class=\"aligncenter size-medium wp-image-68871\" src=\"https:\/\/i0.wp.com\/www.manquepierda.com\/historiarealbetis\/files\/2019\/06\/6-1959-Inauguraci%C3%B3n-iliminaci%C3%B3n.jpg?resize=680%2C437&#038;ssl=1\" alt=\"\" width=\"680\" height=\"437\" srcset=\"https:\/\/i0.wp.com\/www.manquepierda.com\/historiarealbetis\/files\/2019\/06\/6-1959-Inauguraci%C3%B3n-iliminaci%C3%B3n.jpg?resize=680%2C437&amp;ssl=1 680w, https:\/\/i0.wp.com\/www.manquepierda.com\/historiarealbetis\/files\/2019\/06\/6-1959-Inauguraci%C3%B3n-iliminaci%C3%B3n.jpg?resize=220%2C141&amp;ssl=1 220w, https:\/\/i0.wp.com\/www.manquepierda.com\/historiarealbetis\/files\/2019\/06\/6-1959-Inauguraci%C3%B3n-iliminaci%C3%B3n.jpg?resize=768%2C494&amp;ssl=1 768w, https:\/\/i0.wp.com\/www.manquepierda.com\/historiarealbetis\/files\/2019\/06\/6-1959-Inauguraci%C3%B3n-iliminaci%C3%B3n.jpg?resize=960%2C617&amp;ssl=1 960w, https:\/\/i0.wp.com\/www.manquepierda.com\/historiarealbetis\/files\/2019\/06\/6-1959-Inauguraci%C3%B3n-iliminaci%C3%B3n.jpg?w=1192&amp;ssl=1 1192w\" sizes=\"auto, (max-width: 680px) 100vw, 680px\" \/><\/a><\/p>\n<p><span style=\"color: #008000\">El 6 de junio de 1959, con motivo de un encuentro amistoso contra el Sporting Club de Portugal, el estadio de Heli\u00f3polis inaugura su iluminaci\u00f3n el\u00e9ctrica que a partir de esta fecha posibilitar\u00e1 la celebraci\u00f3n de partidos en horario nocturno.<\/span><\/p>\n<p><span style=\"color: #008000\">Las obras de instalaci\u00f3n de la infraestructura necesaria se hicieron en 35 d\u00edas y las realiz\u00f3 la empresa \u00abInstalaciones El\u00e9ctricas F. Benito Delgado S.A\u00bb, la misma que hab\u00eda montado la iluminaci\u00f3n el\u00e9ctrica del estadio Santiago Bernab\u00e9u.\u00a0<\/span><\/p>\n<p><span style=\"color: #008000\">La posibilidad de jugar por la noche en los meses de verano r\u00e1pidamente fue aprovechada por el club que en este final de la campa\u00f1a 1958-59 mont\u00f3 hasta 5 partidos amistosos nocturnos: el 6 de junio frente al Sporting de Portugal, el 16 de junio contra el Recreativo de Huelva, el 21 de junio frente al Vasco de Gama, el 29 de junio contra el Elche y el 5 de julio frente el Santos, el \u00fanico partido disputado por Pel\u00e9 en Sevilla, como ya vimos <a href=\"https:\/\/www.manquepierda.com\/historiarealbetis\/1959-cuando-pele-jugo-por-primera-vez-en-sevilla\/\"><strong>aqu\u00ed.\u00a0<\/strong><\/a> \u00a0\u00a0<\/span><\/p>\n","protected":false},"excerpt":{"rendered":"<p>El 6 de junio de 1959, con motivo de un encuentro amistoso contra el Sporting Club de Portugal, el estadio de Heli\u00f3polis inaugura su iluminaci\u00f3n el\u00e9ctrica que a partir de esta fecha posibilitar\u00e1 la celebraci\u00f3n de partidos en horario nocturno. Las obras de instalaci\u00f3n de la infraestructura necesaria se hicieron en 35 d\u00edas y las&#8230;<\/p>\n","protected":false},"author":5,"featured_media":68871,"comment_status":"open","ping_status":"open","sticky":false,"template":"","format":"standard","meta":{"_kad_post_transparent":"","_kad_post_title":"","_kad_post_layout":"","_kad_post_sidebar_id":"","_kad_post_content_style":"","_kad_post_vertical_padding":"","_kad_post_feature":"","_kad_post_feature_position":"","_kad_post_header":false,"_kad_post_footer":false,"_kad_post_classname":"","_jetpack_memberships_contains_paid_content":false,"footnotes":"","jetpack_publicize_message":"","jetpack_publicize_feature_enabled":true,"jetpack_social_post_already_shared":true,"jetpack_social_options":{"image_generator_settings":{"template":"highway","default_image_id":0,"font":"","enabled":false},"version":2}},"categories":[901,14583,1],"tags":[1538,2749,4358],"class_list":["post-68870","post","type-post","status-publish","format-standard","has-post-thumbnail","hentry","category-1950-1959","category-efemerides","category-portada","tag-1538","tag-estadio-heliopolis","tag-sporting-club-de-portugal"],"jetpack_publicize_connections":[],"jetpack_featured_media_url":"https:\/\/i0.wp.com\/www.manquepierda.com\/historiarealbetis\/files\/2019\/06\/6-1959-Inauguraci%C3%B3n-iliminaci%C3%B3n.jpg?fit=1192%2C766&ssl=1","jetpack_sharing_enabled":true,"jetpack_shortlink":"https:\/\/wp.me\/p1ij08-hUO","jetpack-related-posts":[],"_links":{"self":[{"href":"https:\/\/www.manquepierda.com\/historiarealbetis\/wp-json\/wp\/v2\/posts\/68870","targetHints":{"allow":["GET"]}}],"collection":[{"href":"https:\/\/www.manquepierda.com\/historiarealbetis\/wp-json\/wp\/v2\/posts"}],"about":[{"href":"https:\/\/www.manquepierda.com\/historiarealbetis\/wp-json\/wp\/v2\/types\/post"}],"author":[{"embeddable":true,"href":"https:\/\/www.manquepierda.com\/historiarealbetis\/wp-json\/wp\/v2\/users\/5"}],"replies":[{"embeddable":true,"href":"https:\/\/www.manquepierda.com\/historiarealbetis\/wp-json\/wp\/v2\/comments?post=68870"}],"version-history":[{"count":2,"href":"https:\/\/www.manquepierda.com\/historiarealbetis\/wp-json\/wp\/v2\/posts\/68870\/revisions"}],"predecessor-version":[{"id":84557,"href":"https:\/\/www.manquepierda.com\/historiarealbetis\/wp-json\/wp\/v2\/posts\/68870\/revisions\/84557"}],"wp:featuredmedia":[{"embeddable":true,"href":"https:\/\/www.manquepierda.com\/historiarealbetis\/wp-json\/wp\/v2\/media\/68871"}],"wp:attachment":[{"href":"https:\/\/www.manquepierda.com\/historiarealbetis\/wp-json\/wp\/v2\/media?parent=68870"}],"wp:term":[{"taxonomy":"category","embeddable":true,"href":"https:\/\/www.manquepierda.com\/historiarealbetis\/wp-json\/wp\/v2\/categories?post=68870"},{"taxonomy":"post_tag","embeddable":true,"href":"https:\/\/www.manquepierda.com\/historiarealbetis\/wp-json\/wp\/v2\/tags?post=68870"}],"curies":[{"name":"wp","href":"https:\/\/api.w.org\/{rel}","templated":true}]}}