{"id":68948,"date":"2024-06-16T12:00:00","date_gmt":"2024-06-16T10:00:00","guid":{"rendered":"http:\/\/www.manquepierda.com\/historiarealbetis\/?p=68948"},"modified":"2024-06-16T09:43:00","modified_gmt":"2024-06-16T07:43:00","slug":"hoy-hace-25-anos-23","status":"publish","type":"post","link":"https:\/\/www.manquepierda.com\/historiarealbetis\/hoy-hace-25-anos-23\/","title":{"rendered":"Hoy hace 30 a\u00f1os. Presentaci\u00f3n de Josete."},"content":{"rendered":"<div class=\"wp-block-image\">\n<figure class=\"aligncenter size-medium\"><img data-recalc-dims=\"1\" loading=\"lazy\" decoding=\"async\" width=\"680\" height=\"463\" src=\"https:\/\/i0.wp.com\/www.manquepierda.com\/historiarealbetis\/files\/2024\/05\/16-1994-Presentacion-de-Josete.jpg?resize=680%2C463&#038;ssl=1\" alt=\"\" class=\"wp-image-94029\" srcset=\"https:\/\/i0.wp.com\/www.manquepierda.com\/historiarealbetis\/files\/2024\/05\/16-1994-Presentacion-de-Josete-scaled.jpg?resize=680%2C463&amp;ssl=1 680w, https:\/\/i0.wp.com\/www.manquepierda.com\/historiarealbetis\/files\/2024\/05\/16-1994-Presentacion-de-Josete-scaled.jpg?resize=960%2C653&amp;ssl=1 960w, https:\/\/i0.wp.com\/www.manquepierda.com\/historiarealbetis\/files\/2024\/05\/16-1994-Presentacion-de-Josete-scaled.jpg?resize=220%2C150&amp;ssl=1 220w, https:\/\/i0.wp.com\/www.manquepierda.com\/historiarealbetis\/files\/2024\/05\/16-1994-Presentacion-de-Josete-scaled.jpg?resize=768%2C523&amp;ssl=1 768w\" sizes=\"auto, (max-width: 680px) 100vw, 680px\" \/><\/figure>\n<\/div>\n\n<p>\u00a0<\/p>\n<p><span style=\"color: #008000\">El 16 de junio de 1994 Jos\u00e9 Tom\u00e1s Valdomino \u00abJosete\u00bb es presentado como nuevo jugador del Real Betis Balompi\u00e9.<\/span><\/p>\n<p><span style=\"color: #008000\">Lateral izquierdo de 24 a\u00f1os llega procedente del Rayo Vallecano a cambio de 35 millones de pesetas, firmando un contrato por tres temporadas.<\/span><\/p>\n<p><span style=\"color: #008000\">Para saber m\u00e1s de su trayectoria b\u00e9tica ver<a href=\"https:\/\/www.manquepierda.com\/historiarealbetis\/jose-tomas-josete\/\"><strong> aqu\u00ed.\u00a0<\/strong><\/a><\/span><\/p>","protected":false},"excerpt":{"rendered":"<p>\u00a0 El 16 de junio de 1994 Jos\u00e9 Tom\u00e1s Valdomino \u00abJosete\u00bb es presentado como nuevo jugador del Real Betis Balompi\u00e9. Lateral izquierdo de 24 a\u00f1os llega procedente del Rayo Vallecano a cambio de 35 millones de pesetas, firmando un contrato por tres temporadas. Para saber m\u00e1s de su trayectoria b\u00e9tica ver aqu\u00ed.\u00a0<\/p>\n","protected":false},"author":5,"featured_media":94029,"comment_status":"open","ping_status":"open","sticky":false,"template":"","format":"standard","meta":{"_kad_post_transparent":"","_kad_post_title":"","_kad_post_layout":"","_kad_post_sidebar_id":"","_kad_post_content_style":"","_kad_post_vertical_padding":"","_kad_post_feature":"","_kad_post_feature_position":"","_kad_post_header":false,"_kad_post_footer":false,"_kad_post_classname":"","_jetpack_memberships_contains_paid_content":false,"footnotes":"","jetpack_publicize_message":"","jetpack_publicize_feature_enabled":true,"jetpack_social_post_already_shared":true,"jetpack_social_options":{"image_generator_settings":{"template":"highway","default_image_id":0,"font":"","enabled":false},"version":2}},"categories":[905,14583,1],"tags":[1540,1054],"class_list":["post-68948","post","type-post","status-publish","format-standard","has-post-thumbnail","hentry","category-1990-1999","category-efemerides","category-portada","tag-1540","tag-jose-tomas-josete"],"jetpack_publicize_connections":[],"jetpack_featured_media_url":"https:\/\/i0.wp.com\/www.manquepierda.com\/historiarealbetis\/files\/2024\/05\/16-1994-Presentacion-de-Josete-scaled.jpg?fit=2560%2C1742&ssl=1","jetpack_sharing_enabled":true,"jetpack_shortlink":"https:\/\/wp.me\/p1ij08-hW4","jetpack-related-posts":[],"_links":{"self":[{"href":"https:\/\/www.manquepierda.com\/historiarealbetis\/wp-json\/wp\/v2\/posts\/68948","targetHints":{"allow":["GET"]}}],"collection":[{"href":"https:\/\/www.manquepierda.com\/historiarealbetis\/wp-json\/wp\/v2\/posts"}],"about":[{"href":"https:\/\/www.manquepierda.com\/historiarealbetis\/wp-json\/wp\/v2\/types\/post"}],"author":[{"embeddable":true,"href":"https:\/\/www.manquepierda.com\/historiarealbetis\/wp-json\/wp\/v2\/users\/5"}],"replies":[{"embeddable":true,"href":"https:\/\/www.manquepierda.com\/historiarealbetis\/wp-json\/wp\/v2\/comments?post=68948"}],"version-history":[{"count":5,"href":"https:\/\/www.manquepierda.com\/historiarealbetis\/wp-json\/wp\/v2\/posts\/68948\/revisions"}],"predecessor-version":[{"id":94396,"href":"https:\/\/www.manquepierda.com\/historiarealbetis\/wp-json\/wp\/v2\/posts\/68948\/revisions\/94396"}],"wp:featuredmedia":[{"embeddable":true,"href":"https:\/\/www.manquepierda.com\/historiarealbetis\/wp-json\/wp\/v2\/media\/94029"}],"wp:attachment":[{"href":"https:\/\/www.manquepierda.com\/historiarealbetis\/wp-json\/wp\/v2\/media?parent=68948"}],"wp:term":[{"taxonomy":"category","embeddable":true,"href":"https:\/\/www.manquepierda.com\/historiarealbetis\/wp-json\/wp\/v2\/categories?post=68948"},{"taxonomy":"post_tag","embeddable":true,"href":"https:\/\/www.manquepierda.com\/historiarealbetis\/wp-json\/wp\/v2\/tags?post=68948"}],"curies":[{"name":"wp","href":"https:\/\/api.w.org\/{rel}","templated":true}]}}