{"id":68953,"date":"2024-06-17T12:00:00","date_gmt":"2024-06-17T10:00:00","guid":{"rendered":"http:\/\/www.manquepierda.com\/historiarealbetis\/?p=68953"},"modified":"2024-08-11T18:10:00","modified_gmt":"2024-08-11T16:10:00","slug":"hoy-hace-40-anos-26","status":"publish","type":"post","link":"https:\/\/www.manquepierda.com\/historiarealbetis\/hoy-hace-40-anos-26\/","title":{"rendered":"Hoy hace 45 a\u00f1os. Betis 2 Granada 1 y ascenso a Primera Divisi\u00f3n."},"content":{"rendered":"<p><a href=\"https:\/\/i0.wp.com\/www.manquepierda.com\/historiarealbetis\/files\/2019\/06\/17-1979-Betis-2-Granada-1.jpg?ssl=1\"><img data-recalc-dims=\"1\" loading=\"lazy\" decoding=\"async\" class=\"aligncenter size-medium wp-image-68954\" src=\"https:\/\/i0.wp.com\/www.manquepierda.com\/historiarealbetis\/files\/2019\/06\/17-1979-Betis-2-Granada-1.jpg?resize=680%2C354&#038;ssl=1\" alt=\"\" width=\"680\" height=\"354\" srcset=\"https:\/\/i0.wp.com\/www.manquepierda.com\/historiarealbetis\/files\/2019\/06\/17-1979-Betis-2-Granada-1.jpg?resize=680%2C354&amp;ssl=1 680w, https:\/\/i0.wp.com\/www.manquepierda.com\/historiarealbetis\/files\/2019\/06\/17-1979-Betis-2-Granada-1.jpg?resize=220%2C114&amp;ssl=1 220w, https:\/\/i0.wp.com\/www.manquepierda.com\/historiarealbetis\/files\/2019\/06\/17-1979-Betis-2-Granada-1.jpg?w=729&amp;ssl=1 729w\" sizes=\"auto, (max-width: 680px) 100vw, 680px\" \/><\/a><\/p>\n<p><span style=\"color: #008000\">El 17 de junio de 1979 el Betis vence 2-1 al Granada en el Villamar\u00edn en partido de la jornada 38 y \u00faltima del Campeonato de Liga de Segunda Divisi\u00f3n.<\/span><\/p>\n<p><span style=\"color: #008000\">Un partido dram\u00e1tico en tarde de much\u00edsimo calor entre b\u00e9ticos y granadinistas, en el que el venciera conseguir\u00eda el ascenso de categor\u00eda. En el minuto 25 Jos\u00e9 Luis adelant\u00f3 a los visitantes, pero en la segunda parte el Betis remont\u00f3 con un gol de Ben\u00edtez en el 60 y otro de Hugo Cabezas en el 68 que llev\u00f3 el delirio a las repletas gradas de Heli\u00f3polis.<\/span><\/p>\n<p><span style=\"color: #008000\">El Betis, dirigido por Le\u00f3n Lasa, aline\u00f3 a Esnaola; Bizcocho, Cobo, Peruena, Gordillo; Ben\u00edtez (86, Pozo), Ortega, Carde\u00f1osa; Garc\u00eda Soriano (46, Arana), Hugo Cabezas y Anzarda.<\/span><\/p>\n<p><span style=\"color: #008000\">El Granada, entrenado por Larbi Ben Barek, form\u00f3 con Izcoa; Gerardo, Ben\u00edtez, Rojas, Fali; Angulo, Gonz\u00e1lez (77, Juan Carlos), Antonio; Santi, Jos\u00e9 Luis (59, Zubitur) y Serrano.\u00a0<\/span><\/p>\n","protected":false},"excerpt":{"rendered":"<p>El 17 de junio de 1979 el Betis vence 2-1 al Granada en el Villamar\u00edn en partido de la jornada 38 y \u00faltima del Campeonato de Liga de Segunda Divisi\u00f3n. Un partido dram\u00e1tico en tarde de much\u00edsimo calor entre b\u00e9ticos y granadinistas, en el que el venciera conseguir\u00eda el ascenso de categor\u00eda. En el minuto&#8230;<\/p>\n","protected":false},"author":5,"featured_media":68954,"comment_status":"open","ping_status":"open","sticky":false,"template":"","format":"standard","meta":{"_kad_post_transparent":"","_kad_post_title":"","_kad_post_layout":"","_kad_post_sidebar_id":"","_kad_post_content_style":"","_kad_post_vertical_padding":"","_kad_post_feature":"","_kad_post_feature_position":"","_kad_post_header":false,"_kad_post_footer":false,"_kad_post_classname":"","_jetpack_memberships_contains_paid_content":false,"footnotes":"","jetpack_publicize_message":"","jetpack_publicize_feature_enabled":true,"jetpack_social_post_already_shared":true,"jetpack_social_options":{"image_generator_settings":{"template":"highway","default_image_id":0,"font":"","enabled":false},"version":2}},"categories":[903,14583,1],"tags":[1033,3134,17798],"class_list":["post-68953","post","type-post","status-publish","format-standard","has-post-thumbnail","hentry","category-1970-1979","category-efemerides","category-portada","tag-1033","tag-granada-cf","tag-liga-segunda-1978-79"],"jetpack_publicize_connections":[],"jetpack_featured_media_url":"https:\/\/i0.wp.com\/www.manquepierda.com\/historiarealbetis\/files\/2019\/06\/17-1979-Betis-2-Granada-1.jpg?fit=729%2C379&ssl=1","jetpack_sharing_enabled":true,"jetpack_shortlink":"https:\/\/wp.me\/p1ij08-hW9","jetpack-related-posts":[],"_links":{"self":[{"href":"https:\/\/www.manquepierda.com\/historiarealbetis\/wp-json\/wp\/v2\/posts\/68953","targetHints":{"allow":["GET"]}}],"collection":[{"href":"https:\/\/www.manquepierda.com\/historiarealbetis\/wp-json\/wp\/v2\/posts"}],"about":[{"href":"https:\/\/www.manquepierda.com\/historiarealbetis\/wp-json\/wp\/v2\/types\/post"}],"author":[{"embeddable":true,"href":"https:\/\/www.manquepierda.com\/historiarealbetis\/wp-json\/wp\/v2\/users\/5"}],"replies":[{"embeddable":true,"href":"https:\/\/www.manquepierda.com\/historiarealbetis\/wp-json\/wp\/v2\/comments?post=68953"}],"version-history":[{"count":1,"href":"https:\/\/www.manquepierda.com\/historiarealbetis\/wp-json\/wp\/v2\/posts\/68953\/revisions"}],"predecessor-version":[{"id":94032,"href":"https:\/\/www.manquepierda.com\/historiarealbetis\/wp-json\/wp\/v2\/posts\/68953\/revisions\/94032"}],"wp:featuredmedia":[{"embeddable":true,"href":"https:\/\/www.manquepierda.com\/historiarealbetis\/wp-json\/wp\/v2\/media\/68954"}],"wp:attachment":[{"href":"https:\/\/www.manquepierda.com\/historiarealbetis\/wp-json\/wp\/v2\/media?parent=68953"}],"wp:term":[{"taxonomy":"category","embeddable":true,"href":"https:\/\/www.manquepierda.com\/historiarealbetis\/wp-json\/wp\/v2\/categories?post=68953"},{"taxonomy":"post_tag","embeddable":true,"href":"https:\/\/www.manquepierda.com\/historiarealbetis\/wp-json\/wp\/v2\/tags?post=68953"}],"curies":[{"name":"wp","href":"https:\/\/api.w.org\/{rel}","templated":true}]}}