{"id":69009,"date":"2024-06-21T12:00:00","date_gmt":"2024-06-21T10:00:00","guid":{"rendered":"http:\/\/www.manquepierda.com\/historiarealbetis\/?p=69009"},"modified":"2024-09-28T10:47:52","modified_gmt":"2024-09-28T08:47:52","slug":"hoy-hace-60-anos-2-2","status":"publish","type":"post","link":"https:\/\/www.manquepierda.com\/historiarealbetis\/hoy-hace-60-anos-2-2\/","title":{"rendered":"Hoy hace 65 a\u00f1os. Betis 2 Vasco de Gama 1."},"content":{"rendered":"<p><a href=\"https:\/\/i0.wp.com\/www.manquepierda.com\/historiarealbetis\/files\/2019\/06\/21-1959-Betis-2-Vasco-de-Gama-1.jpg?ssl=1\"><img data-recalc-dims=\"1\" loading=\"lazy\" decoding=\"async\" class=\"aligncenter size-medium wp-image-69010\" src=\"https:\/\/i0.wp.com\/www.manquepierda.com\/historiarealbetis\/files\/2019\/06\/21-1959-Betis-2-Vasco-de-Gama-1.jpg?resize=680%2C413&#038;ssl=1\" alt=\"\" width=\"680\" height=\"413\" srcset=\"https:\/\/i0.wp.com\/www.manquepierda.com\/historiarealbetis\/files\/2019\/06\/21-1959-Betis-2-Vasco-de-Gama-1.jpg?resize=680%2C413&amp;ssl=1 680w, https:\/\/i0.wp.com\/www.manquepierda.com\/historiarealbetis\/files\/2019\/06\/21-1959-Betis-2-Vasco-de-Gama-1.jpg?resize=220%2C134&amp;ssl=1 220w, https:\/\/i0.wp.com\/www.manquepierda.com\/historiarealbetis\/files\/2019\/06\/21-1959-Betis-2-Vasco-de-Gama-1.jpg?w=720&amp;ssl=1 720w\" sizes=\"auto, (max-width: 680px) 100vw, 680px\" \/><\/a><\/p>\n<p><span style=\"color: #008000\">El 21 de junio de 1959 el Betis vence 2-1 en Heli\u00f3polis al conjunto brasile\u00f1o del Vasco de Gama en encuentro amistoso.<\/span><\/p>\n<p><span style=\"color: #008000\">Roberto en el minuto 3 adelant\u00f3 al equipo carioca, Del Sol empat\u00f3 en el 21 y Areta en el 53 hizo el 2 a 1 definitivo.<\/span><\/p>\n<p><span style=\"color: #008000\">El Betis, entrenado por Sabino Barinaga, form\u00f3 con Dom\u00ednguez; Oliet, R\u00edos (Santos), Portu; Bosch, Santos (Valderas); Lasa, Muro, Foix, Areta y Del Sol.<\/span><\/p>\n<p><span style=\"color: #008000\">El Vasco de Gama, dirigido por Gradiani, aline\u00f3 a Miguel; Paulinho, Russo, Viana; Laerte, Dario; Sabar\u00e1, Almir, Roberto, Rubens (Delem) y Pinga.<\/span><\/p>\n<p><span style=\"color: #008000\">Con el Betis se alinearon ese d\u00eda 2 jugadores a prueba procedentes del Niza: el franc\u00e9s Jacques Foix y el argentino Alberto Muro.<\/span><\/p>\n","protected":false},"excerpt":{"rendered":"<p>El 21 de junio de 1959 el Betis vence 2-1 en Heli\u00f3polis al conjunto brasile\u00f1o del Vasco de Gama en encuentro amistoso. Roberto en el minuto 3 adelant\u00f3 al equipo carioca, Del Sol empat\u00f3 en el 21 y Areta en el 53 hizo el 2 a 1 definitivo. El Betis, entrenado por Sabino Barinaga, form\u00f3&#8230;<\/p>\n","protected":false},"author":5,"featured_media":69010,"comment_status":"open","ping_status":"open","sticky":false,"template":"","format":"standard","meta":{"_kad_post_transparent":"","_kad_post_title":"","_kad_post_layout":"","_kad_post_sidebar_id":"","_kad_post_content_style":"","_kad_post_vertical_padding":"","_kad_post_feature":"","_kad_post_feature_position":"","_kad_post_header":false,"_kad_post_footer":false,"_kad_post_classname":"","_jetpack_memberships_contains_paid_content":false,"footnotes":"","jetpack_publicize_message":"","jetpack_publicize_feature_enabled":true,"jetpack_social_post_already_shared":true,"jetpack_social_options":{"image_generator_settings":{"template":"highway","default_image_id":0,"font":"","enabled":false},"version":2}},"categories":[901,14583,1],"tags":[2248,1538,1601],"class_list":["post-69009","post","type-post","status-publish","format-standard","has-post-thumbnail","hentry","category-1950-1959","category-efemerides","category-portada","tag-1958-59","tag-1538","tag-vasco-de-gama"],"jetpack_publicize_connections":[],"jetpack_featured_media_url":"https:\/\/i0.wp.com\/www.manquepierda.com\/historiarealbetis\/files\/2019\/06\/21-1959-Betis-2-Vasco-de-Gama-1.jpg?fit=720%2C437&ssl=1","jetpack_sharing_enabled":true,"jetpack_shortlink":"https:\/\/wp.me\/p1ij08-hX3","jetpack-related-posts":[],"_links":{"self":[{"href":"https:\/\/www.manquepierda.com\/historiarealbetis\/wp-json\/wp\/v2\/posts\/69009","targetHints":{"allow":["GET"]}}],"collection":[{"href":"https:\/\/www.manquepierda.com\/historiarealbetis\/wp-json\/wp\/v2\/posts"}],"about":[{"href":"https:\/\/www.manquepierda.com\/historiarealbetis\/wp-json\/wp\/v2\/types\/post"}],"author":[{"embeddable":true,"href":"https:\/\/www.manquepierda.com\/historiarealbetis\/wp-json\/wp\/v2\/users\/5"}],"replies":[{"embeddable":true,"href":"https:\/\/www.manquepierda.com\/historiarealbetis\/wp-json\/wp\/v2\/comments?post=69009"}],"version-history":[{"count":1,"href":"https:\/\/www.manquepierda.com\/historiarealbetis\/wp-json\/wp\/v2\/posts\/69009\/revisions"}],"predecessor-version":[{"id":94036,"href":"https:\/\/www.manquepierda.com\/historiarealbetis\/wp-json\/wp\/v2\/posts\/69009\/revisions\/94036"}],"wp:featuredmedia":[{"embeddable":true,"href":"https:\/\/www.manquepierda.com\/historiarealbetis\/wp-json\/wp\/v2\/media\/69010"}],"wp:attachment":[{"href":"https:\/\/www.manquepierda.com\/historiarealbetis\/wp-json\/wp\/v2\/media?parent=69009"}],"wp:term":[{"taxonomy":"category","embeddable":true,"href":"https:\/\/www.manquepierda.com\/historiarealbetis\/wp-json\/wp\/v2\/categories?post=69009"},{"taxonomy":"post_tag","embeddable":true,"href":"https:\/\/www.manquepierda.com\/historiarealbetis\/wp-json\/wp\/v2\/tags?post=69009"}],"curies":[{"name":"wp","href":"https:\/\/api.w.org\/{rel}","templated":true}]}}