{"id":69067,"date":"2022-06-27T11:00:00","date_gmt":"2022-06-27T09:00:00","guid":{"rendered":"http:\/\/www.manquepierda.com\/historiarealbetis\/?p=69067"},"modified":"2022-05-23T20:31:11","modified_gmt":"2022-05-23T18:31:11","slug":"hoy-hace-47-anos-4","status":"publish","type":"post","link":"https:\/\/www.manquepierda.com\/historiarealbetis\/hoy-hace-47-anos-4\/","title":{"rendered":"Hoy hace 50 a\u00f1os. Asamblea de socios."},"content":{"rendered":"<p><a href=\"https:\/\/i0.wp.com\/www.manquepierda.com\/historiarealbetis\/files\/2019\/06\/27-1972-Asamblea-de-socios-1.jpg?ssl=1\"><img data-recalc-dims=\"1\" loading=\"lazy\" decoding=\"async\" class=\"aligncenter size-medium wp-image-69069\" src=\"https:\/\/i0.wp.com\/www.manquepierda.com\/historiarealbetis\/files\/2019\/06\/27-1972-Asamblea-de-socios-1.jpg?resize=680%2C127&#038;ssl=1\" alt=\"\" width=\"680\" height=\"127\" srcset=\"https:\/\/i0.wp.com\/www.manquepierda.com\/historiarealbetis\/files\/2019\/06\/27-1972-Asamblea-de-socios-1.jpg?resize=680%2C127&amp;ssl=1 680w, https:\/\/i0.wp.com\/www.manquepierda.com\/historiarealbetis\/files\/2019\/06\/27-1972-Asamblea-de-socios-1.jpg?resize=220%2C41&amp;ssl=1 220w, https:\/\/i0.wp.com\/www.manquepierda.com\/historiarealbetis\/files\/2019\/06\/27-1972-Asamblea-de-socios-1.jpg?resize=768%2C144&amp;ssl=1 768w, https:\/\/i0.wp.com\/www.manquepierda.com\/historiarealbetis\/files\/2019\/06\/27-1972-Asamblea-de-socios-1.jpg?resize=960%2C179&amp;ssl=1 960w, https:\/\/i0.wp.com\/www.manquepierda.com\/historiarealbetis\/files\/2019\/06\/27-1972-Asamblea-de-socios-1.jpg?w=1070&amp;ssl=1 1070w\" sizes=\"auto, (max-width: 680px) 100vw, 680px\" \/><\/a><\/p>\n<p><span style=\"color: #008000\">El 27 de junio de 1972 el Real Betis Balompi\u00e9 celebra la asamblea ordinaria de socios en las instalaciones del Colegio Claret.<\/span><\/p>\n<p><span style=\"color: #008000\">Una asamblea que transcurri\u00f3 en un ambiente entusiasta y en la que se dio a conocer el balance econ\u00f3mico y deportivo de la temporada que finalizaba y se aprob\u00f3 el presupuesto econ\u00f3mico para la temporada siguiente. Estuvo presidida por Pascual Aparicio, en su calidad de vicepresidente de la Federaci\u00f3n Andaluza de F\u00fatbol.\u00a0 Las intervenciones del secretario Juan Manuel Mauduit, el contador Juan Petralanda y el presidente Jos\u00e9 N\u00fa\u00f1ez Naranjo fueron las m\u00e1s destacadas de la asamblea.\u00a0<\/span><\/p>\n<p><span style=\"color: #008000\">La temporada 1971-72 se cerr\u00f3 en lo econ\u00f3mico con un super\u00e1vit de 15 millones de pesetas, como consecuencia de unos ingresos de 73 millones y unos gastos de 58 millones. El presupuesto aprobado para la temporada 1972-73 fue de 56 millones de pesetas en gastos y 54 en ingresos.<\/span><\/p>\n<p><span style=\"color: #008000\">Se inform\u00f3 a preguntas de los asamble\u00edstas sobre lo que supuso econ\u00f3micamente el traspaso de Quino al Valencia: 14 millones y medio de pesetas, con lo que el club pudo hacer frente a la reducci\u00f3n de 9 millones de pesetas en obligaciones, derivadas de la compra de Heli\u00f3polis en 1961, y dej\u00e1ndose de pagar 15 millones de pesetas en intereses.<\/span><\/p>\n<p><span style=\"color: #008000\">Finalmente se acord\u00f3 la celebraci\u00f3n de dos d\u00edas del club en la siguiente temporada y el contrato con la empresa Ecysa para la construcci\u00f3n en ese verano de la nueva tribuna de Gol Sur.\u00a0\u00a0<\/span><\/p>\n<p><span style=\"color: #008000\">\u00a0 \u00a0\u00a0<\/span><\/p>\n","protected":false},"excerpt":{"rendered":"<p>El 27 de junio de 1972 el Real Betis Balompi\u00e9 celebra la asamblea ordinaria de socios en las instalaciones del Colegio Claret. Una asamblea que transcurri\u00f3 en un ambiente entusiasta y en la que se dio a conocer el balance econ\u00f3mico y deportivo de la temporada que finalizaba y se aprob\u00f3 el presupuesto econ\u00f3mico para&#8230;<\/p>\n","protected":false},"author":5,"featured_media":69069,"comment_status":"open","ping_status":"open","sticky":false,"template":"","format":"standard","meta":{"_kad_post_transparent":"","_kad_post_title":"","_kad_post_layout":"","_kad_post_sidebar_id":"","_kad_post_content_style":"","_kad_post_vertical_padding":"","_kad_post_feature":"","_kad_post_feature_position":"","_kad_post_header":false,"_kad_post_footer":false,"_kad_post_classname":"","_jetpack_memberships_contains_paid_content":false,"footnotes":"","jetpack_publicize_message":"","jetpack_publicize_feature_enabled":true,"jetpack_social_post_already_shared":true,"jetpack_social_options":{"image_generator_settings":{"template":"highway","default_image_id":0,"font":"","enabled":false},"version":2}},"categories":[903,14583,1],"tags":[1091,16436],"class_list":["post-69067","post","type-post","status-publish","format-standard","has-post-thumbnail","hentry","category-1970-1979","category-efemerides","category-portada","tag-1091","tag-asamblea-de-socios"],"jetpack_publicize_connections":[],"jetpack_featured_media_url":"https:\/\/i0.wp.com\/www.manquepierda.com\/historiarealbetis\/files\/2019\/06\/27-1972-Asamblea-de-socios-1.jpg?fit=1070%2C200&ssl=1","jetpack_sharing_enabled":true,"jetpack_shortlink":"https:\/\/wp.me\/p1ij08-hXZ","jetpack-related-posts":[],"_links":{"self":[{"href":"https:\/\/www.manquepierda.com\/historiarealbetis\/wp-json\/wp\/v2\/posts\/69067","targetHints":{"allow":["GET"]}}],"collection":[{"href":"https:\/\/www.manquepierda.com\/historiarealbetis\/wp-json\/wp\/v2\/posts"}],"about":[{"href":"https:\/\/www.manquepierda.com\/historiarealbetis\/wp-json\/wp\/v2\/types\/post"}],"author":[{"embeddable":true,"href":"https:\/\/www.manquepierda.com\/historiarealbetis\/wp-json\/wp\/v2\/users\/5"}],"replies":[{"embeddable":true,"href":"https:\/\/www.manquepierda.com\/historiarealbetis\/wp-json\/wp\/v2\/comments?post=69067"}],"version-history":[{"count":2,"href":"https:\/\/www.manquepierda.com\/historiarealbetis\/wp-json\/wp\/v2\/posts\/69067\/revisions"}],"predecessor-version":[{"id":84584,"href":"https:\/\/www.manquepierda.com\/historiarealbetis\/wp-json\/wp\/v2\/posts\/69067\/revisions\/84584"}],"wp:featuredmedia":[{"embeddable":true,"href":"https:\/\/www.manquepierda.com\/historiarealbetis\/wp-json\/wp\/v2\/media\/69069"}],"wp:attachment":[{"href":"https:\/\/www.manquepierda.com\/historiarealbetis\/wp-json\/wp\/v2\/media?parent=69067"}],"wp:term":[{"taxonomy":"category","embeddable":true,"href":"https:\/\/www.manquepierda.com\/historiarealbetis\/wp-json\/wp\/v2\/categories?post=69067"},{"taxonomy":"post_tag","embeddable":true,"href":"https:\/\/www.manquepierda.com\/historiarealbetis\/wp-json\/wp\/v2\/tags?post=69067"}],"curies":[{"name":"wp","href":"https:\/\/api.w.org\/{rel}","templated":true}]}}