{"id":69185,"date":"2021-07-08T10:30:00","date_gmt":"2021-07-08T08:30:00","guid":{"rendered":"http:\/\/www.manquepierda.com\/historiarealbetis\/?p=69185"},"modified":"2021-06-19T10:23:51","modified_gmt":"2021-06-19T08:23:51","slug":"hoy-hace-83-anos-5","status":"publish","type":"post","link":"https:\/\/www.manquepierda.com\/historiarealbetis\/hoy-hace-83-anos-5\/","title":{"rendered":"Hoy hace 85 a\u00f1os. Fallece el ex presidente Camilo Romero."},"content":{"rendered":"<p><a href=\"https:\/\/i0.wp.com\/www.manquepierda.com\/historiarealbetis\/files\/2019\/07\/8-1936-Fallece-Camilo-Romero.jpg?ssl=1\"><img data-recalc-dims=\"1\" loading=\"lazy\" decoding=\"async\" class=\"aligncenter size-medium wp-image-69186\" src=\"https:\/\/i0.wp.com\/www.manquepierda.com\/historiarealbetis\/files\/2019\/07\/8-1936-Fallece-Camilo-Romero.jpg?resize=473%2C600&#038;ssl=1\" alt=\"\" width=\"473\" height=\"600\" srcset=\"https:\/\/i0.wp.com\/www.manquepierda.com\/historiarealbetis\/files\/2019\/07\/8-1936-Fallece-Camilo-Romero.jpg?resize=473%2C600&amp;ssl=1 473w, https:\/\/i0.wp.com\/www.manquepierda.com\/historiarealbetis\/files\/2019\/07\/8-1936-Fallece-Camilo-Romero.jpg?resize=173%2C220&amp;ssl=1 173w, https:\/\/i0.wp.com\/www.manquepierda.com\/historiarealbetis\/files\/2019\/07\/8-1936-Fallece-Camilo-Romero.jpg?w=537&amp;ssl=1 537w\" sizes=\"auto, (max-width: 473px) 100vw, 473px\" \/><br \/>\n<\/a><\/p>\n<p><span style=\"color: #008000\">El 8 de julio de 1936 fallece en Sevilla a la edad de 46 a\u00f1os Camilo Romero S\u00e1nchez, quien fuera presidente del Real Betis Balompi\u00e9 entre agosto y diciembre de 1930.<\/span><\/p>\n<p><span style=\"color: #008000\">Sucedi\u00f3 en el cargo a Adolfo Cu\u00e9llar, al ser elegido en la asamblea de socios celebrada el 3 de agosto de 1930, aunque su mandato fue de solo 4 meses.&nbsp;<\/span><\/p>\n","protected":false},"excerpt":{"rendered":"<p>El 8 de julio de 1936 fallece en Sevilla a la edad de 46 a\u00f1os Camilo Romero S\u00e1nchez, quien fuera presidente del Real Betis Balompi\u00e9 entre agosto y diciembre de 1930. Sucedi\u00f3 en el cargo a Adolfo Cu\u00e9llar, al ser elegido en la asamblea de socios celebrada el 3 de agosto de 1930, aunque su&#8230;<\/p>\n","protected":false},"author":5,"featured_media":69186,"comment_status":"open","ping_status":"open","sticky":false,"template":"","format":"standard","meta":{"_kad_post_transparent":"","_kad_post_title":"","_kad_post_layout":"","_kad_post_sidebar_id":"","_kad_post_content_style":"","_kad_post_vertical_padding":"","_kad_post_feature":"","_kad_post_feature_position":"","_kad_post_header":false,"_kad_post_footer":false,"_kad_post_classname":"","_jetpack_memberships_contains_paid_content":false,"footnotes":"","jetpack_publicize_message":"","jetpack_publicize_feature_enabled":true,"jetpack_social_post_already_shared":true,"jetpack_social_options":{"image_generator_settings":{"template":"highway","default_image_id":0,"font":"","enabled":false},"version":2}},"categories":[899,14583,1],"tags":[1702],"class_list":["post-69185","post","type-post","status-publish","format-standard","has-post-thumbnail","hentry","category-1930-1939","category-efemerides","category-portada","tag-camilo-romero-sanchez"],"jetpack_publicize_connections":[],"jetpack_featured_media_url":"https:\/\/i0.wp.com\/www.manquepierda.com\/historiarealbetis\/files\/2019\/07\/8-1936-Fallece-Camilo-Romero.jpg?fit=537%2C681&ssl=1","jetpack_sharing_enabled":true,"jetpack_shortlink":"https:\/\/wp.me\/p1ij08-hZT","jetpack-related-posts":[],"_links":{"self":[{"href":"https:\/\/www.manquepierda.com\/historiarealbetis\/wp-json\/wp\/v2\/posts\/69185","targetHints":{"allow":["GET"]}}],"collection":[{"href":"https:\/\/www.manquepierda.com\/historiarealbetis\/wp-json\/wp\/v2\/posts"}],"about":[{"href":"https:\/\/www.manquepierda.com\/historiarealbetis\/wp-json\/wp\/v2\/types\/post"}],"author":[{"embeddable":true,"href":"https:\/\/www.manquepierda.com\/historiarealbetis\/wp-json\/wp\/v2\/users\/5"}],"replies":[{"embeddable":true,"href":"https:\/\/www.manquepierda.com\/historiarealbetis\/wp-json\/wp\/v2\/comments?post=69185"}],"version-history":[{"count":0,"href":"https:\/\/www.manquepierda.com\/historiarealbetis\/wp-json\/wp\/v2\/posts\/69185\/revisions"}],"wp:featuredmedia":[{"embeddable":true,"href":"https:\/\/www.manquepierda.com\/historiarealbetis\/wp-json\/wp\/v2\/media\/69186"}],"wp:attachment":[{"href":"https:\/\/www.manquepierda.com\/historiarealbetis\/wp-json\/wp\/v2\/media?parent=69185"}],"wp:term":[{"taxonomy":"category","embeddable":true,"href":"https:\/\/www.manquepierda.com\/historiarealbetis\/wp-json\/wp\/v2\/categories?post=69185"},{"taxonomy":"post_tag","embeddable":true,"href":"https:\/\/www.manquepierda.com\/historiarealbetis\/wp-json\/wp\/v2\/tags?post=69185"}],"curies":[{"name":"wp","href":"https:\/\/api.w.org\/{rel}","templated":true}]}}