{"id":69287,"date":"2019-07-19T09:20:34","date_gmt":"2019-07-19T07:20:34","guid":{"rendered":"http:\/\/www.manquepierda.com\/historiarealbetis\/?p=69287"},"modified":"2024-09-09T19:03:18","modified_gmt":"2024-09-09T17:03:18","slug":"jugamos-contra-el-fc-porto","status":"publish","type":"post","link":"https:\/\/www.manquepierda.com\/historiarealbetis\/jugamos-contra-el-fc-porto\/","title":{"rendered":"Jugamos contra el FC Porto"},"content":{"rendered":"<p><a href=\"https:\/\/i0.wp.com\/www.manquepierda.com\/historiarealbetis\/files\/2019\/07\/FC-Porto.jpg?ssl=1\"><img data-recalc-dims=\"1\" loading=\"lazy\" decoding=\"async\" class=\"aligncenter size-full wp-image-69288\" src=\"https:\/\/i0.wp.com\/www.manquepierda.com\/historiarealbetis\/files\/2019\/07\/FC-Porto.jpg?resize=488%2C513&#038;ssl=1\" alt=\"\" width=\"488\" height=\"513\" srcset=\"https:\/\/i0.wp.com\/www.manquepierda.com\/historiarealbetis\/files\/2019\/07\/FC-Porto.jpg?w=488&amp;ssl=1 488w, https:\/\/i0.wp.com\/www.manquepierda.com\/historiarealbetis\/files\/2019\/07\/FC-Porto.jpg?resize=209%2C220&amp;ssl=1 209w\" sizes=\"auto, (max-width: 488px) 100vw, 488px\" \/><\/a><\/p>\n<p>Hoy a las 21,30 horas el Betis se enfrentar\u00e1 en el Estadio Municipal de Portimao al FC Porto, en el marco de la Copa Ib\u00e9rica que se disputa en esta ciudad del Algarve.<\/p>\n<p>El FC Porto se fund\u00f3 en 1893 y ha sido 28 veces campe\u00f3n de la Liga de Portugal y 16 de la Copa.<\/p>\n<p>Porto y Betis se han enfrentado en 4 ocasiones, con un balance de 4 victorias del equipo portista. La primera ocasi\u00f3n fue el 7 de julio de 1935, cuando se enfrentaron en Oporto los campeones de Liga de Portugal y Espa\u00f1a con victoria local 4-2 como ya vimos <a href=\"https:\/\/www.manquepierda.com\/historiarealbetis\/31471-oporto-betis-amistoso-1935\/\"><strong>aqu\u00ed.<\/strong><\/a><\/p>\n<p>En 1962, el 24 de agosto, Betis y Porto se cruzaron en Pontevedra en el Trofeo Luis Otero con victoria blanquiazul por 1-2. El 29 de agosto de 1979 el Betis visit\u00f3 el terreno de Das Antas para un encuentro amistoso con victoria local 4-2. Finalmente el 21 de agosto de 1992 en el S\u00e1nchez Pizju\u00e1n el Porto derrot\u00f3 0-2 al Betis en la final del Trofeo Ciudad de Sevilla organizado con motivo de la Exposici\u00f3n Internacional de 1992.<\/p>\n<p>Entre los futbolistas que han jugado en los dos equipos est\u00e1n Miguel Lopes, Antonio Oliveira, Cristian Tello, Francisco Vital y Yanko Daucik.<\/p>\n","protected":false},"excerpt":{"rendered":"<p>Hoy a las 21,30 horas el Betis se enfrentar\u00e1 en el Estadio Municipal de Portimao al FC Porto, en el marco de la Copa Ib\u00e9rica que se disputa en esta ciudad del Algarve. El FC Porto se fund\u00f3 en 1893 y ha sido 28 veces campe\u00f3n de la Liga de Portugal y 16 de la&#8230;<\/p>\n","protected":false},"author":5,"featured_media":69288,"comment_status":"open","ping_status":"open","sticky":false,"template":"","format":"standard","meta":{"_kad_post_transparent":"","_kad_post_title":"","_kad_post_layout":"","_kad_post_sidebar_id":"","_kad_post_content_style":"","_kad_post_vertical_padding":"","_kad_post_feature":"","_kad_post_feature_position":"","_kad_post_header":false,"_kad_post_footer":false,"_kad_post_classname":"","_jetpack_memberships_contains_paid_content":false,"footnotes":"","jetpack_publicize_message":"","jetpack_publicize_feature_enabled":true,"jetpack_social_post_already_shared":false,"jetpack_social_options":{"image_generator_settings":{"template":"highway","default_image_id":0,"font":"","enabled":false},"version":2}},"categories":[895,1],"tags":[1277,16234,9079,16879,583,1008],"class_list":["post-69287","post","type-post","status-publish","format-standard","has-post-thumbnail","hentry","category-los-rivales","category-portada","tag-antonio-oliveira","tag-cristian-tello","tag-fc-porto","tag-francisco-vital","tag-miguel-lopes","tag-yanko-daucick"],"jetpack_publicize_connections":[],"jetpack_featured_media_url":"https:\/\/i0.wp.com\/www.manquepierda.com\/historiarealbetis\/files\/2019\/07\/FC-Porto.jpg?fit=488%2C513&ssl=1","jetpack_sharing_enabled":true,"jetpack_shortlink":"https:\/\/wp.me\/p1ij08-i1x","jetpack-related-posts":[],"_links":{"self":[{"href":"https:\/\/www.manquepierda.com\/historiarealbetis\/wp-json\/wp\/v2\/posts\/69287","targetHints":{"allow":["GET"]}}],"collection":[{"href":"https:\/\/www.manquepierda.com\/historiarealbetis\/wp-json\/wp\/v2\/posts"}],"about":[{"href":"https:\/\/www.manquepierda.com\/historiarealbetis\/wp-json\/wp\/v2\/types\/post"}],"author":[{"embeddable":true,"href":"https:\/\/www.manquepierda.com\/historiarealbetis\/wp-json\/wp\/v2\/users\/5"}],"replies":[{"embeddable":true,"href":"https:\/\/www.manquepierda.com\/historiarealbetis\/wp-json\/wp\/v2\/comments?post=69287"}],"version-history":[{"count":1,"href":"https:\/\/www.manquepierda.com\/historiarealbetis\/wp-json\/wp\/v2\/posts\/69287\/revisions"}],"predecessor-version":[{"id":98987,"href":"https:\/\/www.manquepierda.com\/historiarealbetis\/wp-json\/wp\/v2\/posts\/69287\/revisions\/98987"}],"wp:featuredmedia":[{"embeddable":true,"href":"https:\/\/www.manquepierda.com\/historiarealbetis\/wp-json\/wp\/v2\/media\/69288"}],"wp:attachment":[{"href":"https:\/\/www.manquepierda.com\/historiarealbetis\/wp-json\/wp\/v2\/media?parent=69287"}],"wp:term":[{"taxonomy":"category","embeddable":true,"href":"https:\/\/www.manquepierda.com\/historiarealbetis\/wp-json\/wp\/v2\/categories?post=69287"},{"taxonomy":"post_tag","embeddable":true,"href":"https:\/\/www.manquepierda.com\/historiarealbetis\/wp-json\/wp\/v2\/tags?post=69287"}],"curies":[{"name":"wp","href":"https:\/\/api.w.org\/{rel}","templated":true}]}}