{"id":69308,"date":"2021-07-18T10:30:00","date_gmt":"2021-07-18T08:30:00","guid":{"rendered":"http:\/\/www.manquepierda.com\/historiarealbetis\/?p=69308"},"modified":"2021-06-18T17:42:43","modified_gmt":"2021-06-18T15:42:43","slug":"hoy-hace-23-anos-5","status":"publish","type":"post","link":"https:\/\/www.manquepierda.com\/historiarealbetis\/hoy-hace-23-anos-5\/","title":{"rendered":"Hoy hace 25 a\u00f1os. Presentaci\u00f3n de Finidi George."},"content":{"rendered":"<p><a href=\"https:\/\/i0.wp.com\/www.manquepierda.com\/historiarealbetis\/files\/2019\/07\/18-1996-Presentaci%C3%B3n-de-Finidi.jpg?ssl=1\"><img data-recalc-dims=\"1\" loading=\"lazy\" decoding=\"async\" class=\"aligncenter size-medium wp-image-69309\" src=\"https:\/\/i0.wp.com\/www.manquepierda.com\/historiarealbetis\/files\/2019\/07\/18-1996-Presentaci%C3%B3n-de-Finidi.jpg?resize=680%2C506&#038;ssl=1\" alt=\"\" width=\"680\" height=\"506\" srcset=\"https:\/\/i0.wp.com\/www.manquepierda.com\/historiarealbetis\/files\/2019\/07\/18-1996-Presentaci%C3%B3n-de-Finidi.jpg?resize=680%2C506&amp;ssl=1 680w, https:\/\/i0.wp.com\/www.manquepierda.com\/historiarealbetis\/files\/2019\/07\/18-1996-Presentaci%C3%B3n-de-Finidi.jpg?resize=220%2C164&amp;ssl=1 220w, https:\/\/i0.wp.com\/www.manquepierda.com\/historiarealbetis\/files\/2019\/07\/18-1996-Presentaci%C3%B3n-de-Finidi.jpg?resize=768%2C571&amp;ssl=1 768w, https:\/\/i0.wp.com\/www.manquepierda.com\/historiarealbetis\/files\/2019\/07\/18-1996-Presentaci%C3%B3n-de-Finidi.jpg?w=800&amp;ssl=1 800w\" sizes=\"auto, (max-width: 680px) 100vw, 680px\" \/><\/a><\/p>\n<p><span style=\"color: #008000\">El 18 de julio de 1996 es presentado como jugador del Real Betis Balompi\u00e9 el extremo nigeriano Finidi George.<\/span><\/p>\n<p><span style=\"color: #008000\">A sus 25 a\u00f1os Finidi es un jugador consagrado que llega procedente del Ajax y con el que se hab\u00eda proclamado campe\u00f3n de Europa el a\u00f1o anterior.<\/span><\/p>\n<p><span style=\"color: #008000\">Para saber m\u00e1s de su trayectoria b\u00e9tica ver<a href=\"https:\/\/www.manquepierda.com\/historiarealbetis\/finidi-george\/\"> <strong>aqu\u00ed.<\/strong><\/a><\/span><\/p>\n","protected":false},"excerpt":{"rendered":"<p>El 18 de julio de 1996 es presentado como jugador del Real Betis Balompi\u00e9 el extremo nigeriano Finidi George. A sus 25 a\u00f1os Finidi es un jugador consagrado que llega procedente del Ajax y con el que se hab\u00eda proclamado campe\u00f3n de Europa el a\u00f1o anterior. Para saber m\u00e1s de su trayectoria b\u00e9tica ver aqu\u00ed.<\/p>\n","protected":false},"author":5,"featured_media":69309,"comment_status":"open","ping_status":"open","sticky":false,"template":"","format":"standard","meta":{"_kad_post_transparent":"","_kad_post_title":"","_kad_post_layout":"","_kad_post_sidebar_id":"","_kad_post_content_style":"","_kad_post_vertical_padding":"","_kad_post_feature":"","_kad_post_feature_position":"","_kad_post_header":false,"_kad_post_footer":false,"_kad_post_classname":"","_jetpack_memberships_contains_paid_content":false,"footnotes":"","jetpack_publicize_message":"","jetpack_publicize_feature_enabled":true,"jetpack_social_post_already_shared":true,"jetpack_social_options":{"image_generator_settings":{"template":"highway","default_image_id":0,"font":"","enabled":false},"version":2}},"categories":[905,14583,1],"tags":[3291,381],"class_list":["post-69308","post","type-post","status-publish","format-standard","has-post-thumbnail","hentry","category-1990-1999","category-efemerides","category-portada","tag-3291","tag-finidi-george"],"jetpack_publicize_connections":[],"jetpack_featured_media_url":"https:\/\/i0.wp.com\/www.manquepierda.com\/historiarealbetis\/files\/2019\/07\/18-1996-Presentaci%C3%B3n-de-Finidi.jpg?fit=800%2C595&ssl=1","jetpack_sharing_enabled":true,"jetpack_shortlink":"https:\/\/wp.me\/p1ij08-i1S","jetpack-related-posts":[],"_links":{"self":[{"href":"https:\/\/www.manquepierda.com\/historiarealbetis\/wp-json\/wp\/v2\/posts\/69308","targetHints":{"allow":["GET"]}}],"collection":[{"href":"https:\/\/www.manquepierda.com\/historiarealbetis\/wp-json\/wp\/v2\/posts"}],"about":[{"href":"https:\/\/www.manquepierda.com\/historiarealbetis\/wp-json\/wp\/v2\/types\/post"}],"author":[{"embeddable":true,"href":"https:\/\/www.manquepierda.com\/historiarealbetis\/wp-json\/wp\/v2\/users\/5"}],"replies":[{"embeddable":true,"href":"https:\/\/www.manquepierda.com\/historiarealbetis\/wp-json\/wp\/v2\/comments?post=69308"}],"version-history":[{"count":0,"href":"https:\/\/www.manquepierda.com\/historiarealbetis\/wp-json\/wp\/v2\/posts\/69308\/revisions"}],"wp:featuredmedia":[{"embeddable":true,"href":"https:\/\/www.manquepierda.com\/historiarealbetis\/wp-json\/wp\/v2\/media\/69309"}],"wp:attachment":[{"href":"https:\/\/www.manquepierda.com\/historiarealbetis\/wp-json\/wp\/v2\/media?parent=69308"}],"wp:term":[{"taxonomy":"category","embeddable":true,"href":"https:\/\/www.manquepierda.com\/historiarealbetis\/wp-json\/wp\/v2\/categories?post=69308"},{"taxonomy":"post_tag","embeddable":true,"href":"https:\/\/www.manquepierda.com\/historiarealbetis\/wp-json\/wp\/v2\/tags?post=69308"}],"curies":[{"name":"wp","href":"https:\/\/api.w.org\/{rel}","templated":true}]}}