{"id":69347,"date":"2024-07-28T12:00:00","date_gmt":"2024-07-28T10:00:00","guid":{"rendered":"http:\/\/www.manquepierda.com\/historiarealbetis\/?p=69347"},"modified":"2024-06-13T07:49:36","modified_gmt":"2024-06-13T05:49:36","slug":"hoy-hace-70-anos-12","status":"publish","type":"post","link":"https:\/\/www.manquepierda.com\/historiarealbetis\/hoy-hace-70-anos-12\/","title":{"rendered":"Hoy hace 75 a\u00f1os. Nace Celso Mendieta."},"content":{"rendered":"<p><a href=\"https:\/\/i0.wp.com\/www.manquepierda.com\/historiarealbetis\/files\/2019\/07\/28-1949-Nace-Mendieta.jpg?ssl=1\"><img data-recalc-dims=\"1\" loading=\"lazy\" decoding=\"async\" class=\"aligncenter size-full wp-image-69348\" src=\"https:\/\/i0.wp.com\/www.manquepierda.com\/historiarealbetis\/files\/2019\/07\/28-1949-Nace-Mendieta.jpg?resize=388%2C483&#038;ssl=1\" alt=\"\" width=\"388\" height=\"483\" srcset=\"https:\/\/i0.wp.com\/www.manquepierda.com\/historiarealbetis\/files\/2019\/07\/28-1949-Nace-Mendieta.jpg?w=388&amp;ssl=1 388w, https:\/\/i0.wp.com\/www.manquepierda.com\/historiarealbetis\/files\/2019\/07\/28-1949-Nace-Mendieta.jpg?resize=177%2C220&amp;ssl=1 177w\" sizes=\"auto, (max-width: 388px) 100vw, 388px\" \/><\/a><\/p>\n<p><span style=\"color: #008000\">El 28 de julio de 1949 nace en Piribebuy (Paraguay) Celso Mendieta Ortega, quien fuera jugador del Real Betis Balompi\u00e9 entre los a\u00f1os 1974 y 1977.<\/span><\/p>\n<p><span style=\"color: #008000\">Delantero que lleg\u00f3 procedente del Guaran\u00ed y que destac\u00f3 por su car\u00e1cter conflictivo, tanto dentro como fuera de los terrenos de juego. En el verano de 1977 fue traspasado al Real Zaragoza.<\/span><\/p>\n<p><span style=\"color: #008000\">Para saber m\u00e1s de su trayectoria b\u00e9tica ver <a href=\"https:\/\/www.manquepierda.com\/historiarealbetis\/celso-mendieta\/\"><strong>aqu\u00ed<\/strong>.<\/a><\/span><\/p>\n","protected":false},"excerpt":{"rendered":"<p>El 28 de julio de 1949 nace en Piribebuy (Paraguay) Celso Mendieta Ortega, quien fuera jugador del Real Betis Balompi\u00e9 entre los a\u00f1os 1974 y 1977. Delantero que lleg\u00f3 procedente del Guaran\u00ed y que destac\u00f3 por su car\u00e1cter conflictivo, tanto dentro como fuera de los terrenos de juego. En el verano de 1977 fue traspasado&#8230;<\/p>\n","protected":false},"author":5,"featured_media":69348,"comment_status":"open","ping_status":"open","sticky":false,"template":"","format":"standard","meta":{"_kad_post_transparent":"","_kad_post_title":"","_kad_post_layout":"","_kad_post_sidebar_id":"","_kad_post_content_style":"","_kad_post_vertical_padding":"","_kad_post_feature":"","_kad_post_feature_position":"","_kad_post_header":false,"_kad_post_footer":false,"_kad_post_classname":"","_jetpack_memberships_contains_paid_content":false,"footnotes":"","jetpack_publicize_message":"","jetpack_publicize_feature_enabled":true,"jetpack_social_post_already_shared":true,"jetpack_social_options":{"image_generator_settings":{"template":"highway","default_image_id":0,"font":"","enabled":false},"version":2}},"categories":[900,14583,1],"tags":[1045],"class_list":["post-69347","post","type-post","status-publish","format-standard","has-post-thumbnail","hentry","category-1940-1949","category-efemerides","category-portada","tag-celso-mendieta"],"jetpack_publicize_connections":[],"jetpack_featured_media_url":"https:\/\/i0.wp.com\/www.manquepierda.com\/historiarealbetis\/files\/2019\/07\/28-1949-Nace-Mendieta.jpg?fit=388%2C483&ssl=1","jetpack_sharing_enabled":true,"jetpack_shortlink":"https:\/\/wp.me\/p1ij08-i2v","jetpack-related-posts":[],"_links":{"self":[{"href":"https:\/\/www.manquepierda.com\/historiarealbetis\/wp-json\/wp\/v2\/posts\/69347","targetHints":{"allow":["GET"]}}],"collection":[{"href":"https:\/\/www.manquepierda.com\/historiarealbetis\/wp-json\/wp\/v2\/posts"}],"about":[{"href":"https:\/\/www.manquepierda.com\/historiarealbetis\/wp-json\/wp\/v2\/types\/post"}],"author":[{"embeddable":true,"href":"https:\/\/www.manquepierda.com\/historiarealbetis\/wp-json\/wp\/v2\/users\/5"}],"replies":[{"embeddable":true,"href":"https:\/\/www.manquepierda.com\/historiarealbetis\/wp-json\/wp\/v2\/comments?post=69347"}],"version-history":[{"count":3,"href":"https:\/\/www.manquepierda.com\/historiarealbetis\/wp-json\/wp\/v2\/posts\/69347\/revisions"}],"predecessor-version":[{"id":94377,"href":"https:\/\/www.manquepierda.com\/historiarealbetis\/wp-json\/wp\/v2\/posts\/69347\/revisions\/94377"}],"wp:featuredmedia":[{"embeddable":true,"href":"https:\/\/www.manquepierda.com\/historiarealbetis\/wp-json\/wp\/v2\/media\/69348"}],"wp:attachment":[{"href":"https:\/\/www.manquepierda.com\/historiarealbetis\/wp-json\/wp\/v2\/media?parent=69347"}],"wp:term":[{"taxonomy":"category","embeddable":true,"href":"https:\/\/www.manquepierda.com\/historiarealbetis\/wp-json\/wp\/v2\/categories?post=69347"},{"taxonomy":"post_tag","embeddable":true,"href":"https:\/\/www.manquepierda.com\/historiarealbetis\/wp-json\/wp\/v2\/tags?post=69347"}],"curies":[{"name":"wp","href":"https:\/\/api.w.org\/{rel}","templated":true}]}}