{"id":69360,"date":"2024-08-01T12:00:00","date_gmt":"2024-08-01T10:00:00","guid":{"rendered":"http:\/\/www.manquepierda.com\/historiarealbetis\/?p=69360"},"modified":"2024-07-17T14:16:30","modified_gmt":"2024-07-17T12:16:30","slug":"hoy-hace-65-anos-23","status":"publish","type":"post","link":"https:\/\/www.manquepierda.com\/historiarealbetis\/hoy-hace-65-anos-23\/","title":{"rendered":"Hoy hace 70 a\u00f1os. Nace Jos\u00e9 Antonio Corrales."},"content":{"rendered":"<p><a href=\"https:\/\/i0.wp.com\/www.manquepierda.com\/historiarealbetis\/files\/2019\/07\/1-1954-Nace-Corrales.jpg?ssl=1\"><img data-recalc-dims=\"1\" loading=\"lazy\" decoding=\"async\" class=\"aligncenter size-full wp-image-69361\" src=\"https:\/\/i0.wp.com\/www.manquepierda.com\/historiarealbetis\/files\/2019\/07\/1-1954-Nace-Corrales.jpg?resize=289%2C373&#038;ssl=1\" alt=\"\" width=\"289\" height=\"373\" srcset=\"https:\/\/i0.wp.com\/www.manquepierda.com\/historiarealbetis\/files\/2019\/07\/1-1954-Nace-Corrales.jpg?w=289&amp;ssl=1 289w, https:\/\/i0.wp.com\/www.manquepierda.com\/historiarealbetis\/files\/2019\/07\/1-1954-Nace-Corrales.jpg?resize=170%2C220&amp;ssl=1 170w\" sizes=\"auto, (max-width: 289px) 100vw, 289px\" \/><\/a><\/p>\n<p><span style=\"color: #008000\">El 1 de agosto de 1954 nace en Sevilla Jos\u00e9 Antonio Corrales Hern\u00e1ndez, futbolista de la cantera verdiblanca con grandes cualidades t\u00e9cnicas,\u00a0 y que jug\u00f3 con el primer equipo dos encuentros de Liga: el 18 de febrero de 1979 en el Villamar\u00edn contra el Deportivo de La Coru\u00f1a supli\u00f3 a Hugo Cabezas en el minuto 53, y el 25 de febrero en Elche sustituy\u00f3 a Del Pozo en el minuto 80.<\/span><\/p>\n<p><span style=\"color: #008000\">En temporadas anteriores ya hab\u00eda jugado 10 encuentros del Campeonato Andaluz de Reservas.<\/span><\/p>\n<p><span style=\"color: #008000\">Como curiosidad indicar que Corrales naci\u00f3 en el estadio de Heli\u00f3polis, dado que su madre era la lavandera del club y viv\u00eda en la esquina entre Fondo y Gol Sur.<\/span><\/p>\n","protected":false},"excerpt":{"rendered":"<p>El 1 de agosto de 1954 nace en Sevilla Jos\u00e9 Antonio Corrales Hern\u00e1ndez, futbolista de la cantera verdiblanca con grandes cualidades t\u00e9cnicas,\u00a0 y que jug\u00f3 con el primer equipo dos encuentros de Liga: el 18 de febrero de 1979 en el Villamar\u00edn contra el Deportivo de La Coru\u00f1a supli\u00f3 a Hugo Cabezas en el minuto&#8230;<\/p>\n","protected":false},"author":5,"featured_media":69361,"comment_status":"open","ping_status":"open","sticky":false,"template":"","format":"standard","meta":{"_kad_post_transparent":"","_kad_post_title":"","_kad_post_layout":"","_kad_post_sidebar_id":"","_kad_post_content_style":"","_kad_post_vertical_padding":"","_kad_post_feature":"","_kad_post_feature_position":"","_kad_post_header":false,"_kad_post_footer":false,"_kad_post_classname":"","_jetpack_memberships_contains_paid_content":false,"footnotes":"","jetpack_publicize_message":"","jetpack_publicize_feature_enabled":true,"jetpack_social_post_already_shared":true,"jetpack_social_options":{"image_generator_settings":{"template":"highway","default_image_id":0,"font":"","enabled":false},"version":2}},"categories":[901,14583,1],"tags":[1631],"class_list":["post-69360","post","type-post","status-publish","format-standard","has-post-thumbnail","hentry","category-1950-1959","category-efemerides","category-portada","tag-jose-antonio-corrales"],"jetpack_publicize_connections":[],"jetpack_featured_media_url":"https:\/\/i0.wp.com\/www.manquepierda.com\/historiarealbetis\/files\/2019\/07\/1-1954-Nace-Corrales.jpg?fit=289%2C373&ssl=1","jetpack_sharing_enabled":true,"jetpack_shortlink":"https:\/\/wp.me\/p1ij08-i2I","jetpack-related-posts":[],"_links":{"self":[{"href":"https:\/\/www.manquepierda.com\/historiarealbetis\/wp-json\/wp\/v2\/posts\/69360","targetHints":{"allow":["GET"]}}],"collection":[{"href":"https:\/\/www.manquepierda.com\/historiarealbetis\/wp-json\/wp\/v2\/posts"}],"about":[{"href":"https:\/\/www.manquepierda.com\/historiarealbetis\/wp-json\/wp\/v2\/types\/post"}],"author":[{"embeddable":true,"href":"https:\/\/www.manquepierda.com\/historiarealbetis\/wp-json\/wp\/v2\/users\/5"}],"replies":[{"embeddable":true,"href":"https:\/\/www.manquepierda.com\/historiarealbetis\/wp-json\/wp\/v2\/comments?post=69360"}],"version-history":[{"count":1,"href":"https:\/\/www.manquepierda.com\/historiarealbetis\/wp-json\/wp\/v2\/posts\/69360\/revisions"}],"predecessor-version":[{"id":94837,"href":"https:\/\/www.manquepierda.com\/historiarealbetis\/wp-json\/wp\/v2\/posts\/69360\/revisions\/94837"}],"wp:featuredmedia":[{"embeddable":true,"href":"https:\/\/www.manquepierda.com\/historiarealbetis\/wp-json\/wp\/v2\/media\/69361"}],"wp:attachment":[{"href":"https:\/\/www.manquepierda.com\/historiarealbetis\/wp-json\/wp\/v2\/media?parent=69360"}],"wp:term":[{"taxonomy":"category","embeddable":true,"href":"https:\/\/www.manquepierda.com\/historiarealbetis\/wp-json\/wp\/v2\/categories?post=69360"},{"taxonomy":"post_tag","embeddable":true,"href":"https:\/\/www.manquepierda.com\/historiarealbetis\/wp-json\/wp\/v2\/tags?post=69360"}],"curies":[{"name":"wp","href":"https:\/\/api.w.org\/{rel}","templated":true}]}}