{"id":69364,"date":"2021-08-02T10:30:00","date_gmt":"2021-08-02T08:30:00","guid":{"rendered":"http:\/\/www.manquepierda.com\/historiarealbetis\/?p=69364"},"modified":"2025-07-20T15:31:14","modified_gmt":"2025-07-20T13:31:14","slug":"hoy-hace-70-anos-14","status":"publish","type":"post","link":"https:\/\/www.manquepierda.com\/historiarealbetis\/hoy-hace-70-anos-14\/","title":{"rendered":"Hoy hace 72 a\u00f1os. Fichaje de Antonio Villar\u00edn."},"content":{"rendered":"<p><a href=\"https:\/\/i0.wp.com\/www.manquepierda.com\/historiarealbetis\/files\/2019\/07\/2-1949-Fichaje-de-Villar%C3%ADn.jpg?ssl=1\"><img data-recalc-dims=\"1\" loading=\"lazy\" decoding=\"async\" class=\"aligncenter size-medium wp-image-69365\" src=\"https:\/\/i0.wp.com\/www.manquepierda.com\/historiarealbetis\/files\/2019\/07\/2-1949-Fichaje-de-Villar%C3%ADn.jpg?resize=364%2C600&#038;ssl=1\" alt=\"\" width=\"364\" height=\"600\" srcset=\"https:\/\/i0.wp.com\/www.manquepierda.com\/historiarealbetis\/files\/2019\/07\/2-1949-Fichaje-de-Villar%C3%ADn.jpg?resize=364%2C600&amp;ssl=1 364w, https:\/\/i0.wp.com\/www.manquepierda.com\/historiarealbetis\/files\/2019\/07\/2-1949-Fichaje-de-Villar%C3%ADn.jpg?resize=133%2C220&amp;ssl=1 133w, https:\/\/i0.wp.com\/www.manquepierda.com\/historiarealbetis\/files\/2019\/07\/2-1949-Fichaje-de-Villar%C3%ADn.jpg?resize=425%2C700&amp;ssl=1 425w, https:\/\/i0.wp.com\/www.manquepierda.com\/historiarealbetis\/files\/2019\/07\/2-1949-Fichaje-de-Villar%C3%ADn.jpg?w=507&amp;ssl=1 507w\" sizes=\"auto, (max-width: 364px) 100vw, 364px\" \/><\/a><\/p>\n<p><span style=\"color: #008000\">El 2 de agosto de 1949 el Betis ficha a Antonio Fern\u00e1ndez Villar\u00edn, quien retorna al club 8 a\u00f1os despu\u00e9s de que debutase con 18 a\u00f1os en la temporada 1940-41.&nbsp;<\/span><\/p>\n<p><span style=\"color: #008000\">Al Betis llega desde el Eldense y ficha por 3 temporadas, aunque s\u00f3lo cumplir\u00e1 una, pues a pesar de un gran rendimiento con 33 partidos y 8 goles al final de temporada retorn\u00f3 al f\u00fatbol levantino, concretamente al H\u00e9rcules de Alicante.&nbsp;<\/span><\/p>\n","protected":false},"excerpt":{"rendered":"<p>El 2 de agosto de 1949 el Betis ficha a Antonio Fern\u00e1ndez Villar\u00edn, quien retorna al club 8 a\u00f1os despu\u00e9s de que debutase con 18 a\u00f1os en la temporada 1940-41.&nbsp; Al Betis llega desde el Eldense y ficha por 3 temporadas, aunque s\u00f3lo cumplir\u00e1 una, pues a pesar de un gran rendimiento con 33 partidos&#8230;<\/p>\n","protected":false},"author":5,"featured_media":69365,"comment_status":"open","ping_status":"open","sticky":false,"template":"","format":"standard","meta":{"_kad_post_transparent":"","_kad_post_title":"","_kad_post_layout":"","_kad_post_sidebar_id":"","_kad_post_content_style":"","_kad_post_vertical_padding":"","_kad_post_feature":"","_kad_post_feature_position":"","_kad_post_header":false,"_kad_post_footer":false,"_kad_post_classname":"","_jetpack_memberships_contains_paid_content":false,"footnotes":"","jetpack_publicize_message":"","jetpack_publicize_feature_enabled":true,"jetpack_social_post_already_shared":true,"jetpack_social_options":{"image_generator_settings":{"template":"highway","default_image_id":0,"font":"","enabled":false},"version":2}},"categories":[900,14583,1],"tags":[8375,1842,16672],"class_list":["post-69364","post","type-post","status-publish","format-standard","has-post-thumbnail","hentry","category-1940-1949","category-efemerides","category-portada","tag-8375","tag-antonio-fernandez-villarin","tag-club-deportivo-eldense"],"jetpack_publicize_connections":[],"jetpack_featured_media_url":"https:\/\/i0.wp.com\/www.manquepierda.com\/historiarealbetis\/files\/2019\/07\/2-1949-Fichaje-de-Villar%C3%ADn.jpg?fit=507%2C836&ssl=1","jetpack_sharing_enabled":true,"jetpack_shortlink":"https:\/\/wp.me\/p1ij08-i2M","jetpack-related-posts":[],"_links":{"self":[{"href":"https:\/\/www.manquepierda.com\/historiarealbetis\/wp-json\/wp\/v2\/posts\/69364","targetHints":{"allow":["GET"]}}],"collection":[{"href":"https:\/\/www.manquepierda.com\/historiarealbetis\/wp-json\/wp\/v2\/posts"}],"about":[{"href":"https:\/\/www.manquepierda.com\/historiarealbetis\/wp-json\/wp\/v2\/types\/post"}],"author":[{"embeddable":true,"href":"https:\/\/www.manquepierda.com\/historiarealbetis\/wp-json\/wp\/v2\/users\/5"}],"replies":[{"embeddable":true,"href":"https:\/\/www.manquepierda.com\/historiarealbetis\/wp-json\/wp\/v2\/comments?post=69364"}],"version-history":[{"count":1,"href":"https:\/\/www.manquepierda.com\/historiarealbetis\/wp-json\/wp\/v2\/posts\/69364\/revisions"}],"predecessor-version":[{"id":103943,"href":"https:\/\/www.manquepierda.com\/historiarealbetis\/wp-json\/wp\/v2\/posts\/69364\/revisions\/103943"}],"wp:featuredmedia":[{"embeddable":true,"href":"https:\/\/www.manquepierda.com\/historiarealbetis\/wp-json\/wp\/v2\/media\/69365"}],"wp:attachment":[{"href":"https:\/\/www.manquepierda.com\/historiarealbetis\/wp-json\/wp\/v2\/media?parent=69364"}],"wp:term":[{"taxonomy":"category","embeddable":true,"href":"https:\/\/www.manquepierda.com\/historiarealbetis\/wp-json\/wp\/v2\/categories?post=69364"},{"taxonomy":"post_tag","embeddable":true,"href":"https:\/\/www.manquepierda.com\/historiarealbetis\/wp-json\/wp\/v2\/tags?post=69364"}],"curies":[{"name":"wp","href":"https:\/\/api.w.org\/{rel}","templated":true}]}}