{"id":69538,"date":"2019-08-15T09:22:19","date_gmt":"2019-08-15T07:22:19","guid":{"rendered":"http:\/\/www.manquepierda.com\/historiarealbetis\/?p=69538"},"modified":"2024-10-03T07:59:33","modified_gmt":"2024-10-03T05:59:33","slug":"album-de-cromos-temporada-1963-64","status":"publish","type":"post","link":"https:\/\/www.manquepierda.com\/historiarealbetis\/album-de-cromos-temporada-1963-64\/","title":{"rendered":"Album de cromos temporada 1963-64"},"content":{"rendered":"<p><a href=\"https:\/\/i0.wp.com\/www.manquepierda.com\/historiarealbetis\/files\/2019\/08\/Album-de-cromos-temporada-1963-64-Editorial-Ruiz-Romero.jpg?ssl=1\"><img data-recalc-dims=\"1\" loading=\"lazy\" decoding=\"async\" class=\"aligncenter size-medium wp-image-69539\" src=\"https:\/\/i0.wp.com\/www.manquepierda.com\/historiarealbetis\/files\/2019\/08\/Album-de-cromos-temporada-1963-64-Editorial-Ruiz-Romero.jpg?resize=489%2C600&#038;ssl=1\" alt=\"\" width=\"489\" height=\"600\" srcset=\"https:\/\/i0.wp.com\/www.manquepierda.com\/historiarealbetis\/files\/2019\/08\/Album-de-cromos-temporada-1963-64-Editorial-Ruiz-Romero.jpg?resize=489%2C600&amp;ssl=1 489w, https:\/\/i0.wp.com\/www.manquepierda.com\/historiarealbetis\/files\/2019\/08\/Album-de-cromos-temporada-1963-64-Editorial-Ruiz-Romero.jpg?resize=179%2C220&amp;ssl=1 179w, https:\/\/i0.wp.com\/www.manquepierda.com\/historiarealbetis\/files\/2019\/08\/Album-de-cromos-temporada-1963-64-Editorial-Ruiz-Romero.jpg?resize=570%2C700&amp;ssl=1 570w, https:\/\/i0.wp.com\/www.manquepierda.com\/historiarealbetis\/files\/2019\/08\/Album-de-cromos-temporada-1963-64-Editorial-Ruiz-Romero.jpg?w=675&amp;ssl=1 675w\" sizes=\"auto, (max-width: 489px) 100vw, 489px\" \/><\/a><\/p>\n<p>Album de cromos de la temporada 1963-64 de la Editorial Ruiz Romero con los siguientes jugadores: Pep\u00edn, Colo, R\u00edos, Paquito, Bosch, Mart\u00ednez, Portilla. Luis, Ansola, Lasa y Molina.<\/p>\n","protected":false},"excerpt":{"rendered":"<p>Album de cromos de la temporada 1963-64 de la Editorial Ruiz Romero con los siguientes jugadores: Pep\u00edn, Colo, R\u00edos, Paquito, Bosch, Mart\u00ednez, Portilla. Luis, Ansola, Lasa y Molina.<\/p>\n","protected":false},"author":5,"featured_media":69539,"comment_status":"open","ping_status":"open","sticky":false,"template":"","format":"standard","meta":{"_kad_post_transparent":"","_kad_post_title":"","_kad_post_layout":"","_kad_post_sidebar_id":"","_kad_post_content_style":"","_kad_post_vertical_padding":"","_kad_post_feature":"","_kad_post_feature_position":"","_kad_post_header":false,"_kad_post_footer":false,"_kad_post_classname":"","_jetpack_memberships_contains_paid_content":false,"footnotes":"","jetpack_publicize_message":"","jetpack_publicize_feature_enabled":true,"jetpack_social_post_already_shared":true,"jetpack_social_options":{"image_generator_settings":{"template":"highway","default_image_id":0,"font":"","enabled":false},"version":2}},"categories":[902,1],"tags":[4281,5078,1379,1370,1212,2903,2901,1336,4118,3490,1474,1319,1456],"class_list":["post-69538","post","type-post","status-publish","format-standard","has-post-thumbnail","hentry","category-1960-1969","category-portada","tag-4281","tag-1963-64","tag-andres-bosch","tag-andres-molina","tag-eusebio-rios","tag-fernando-ansola","tag-francisco-faleato-paquito","tag-jose-casas-pepin","tag-jose-miguel-martinez","tag-juan-cruz-portilla","tag-julio-santaella-colo","tag-leon-lasa","tag-luis-aragones"],"jetpack_publicize_connections":[],"jetpack_featured_media_url":"https:\/\/i0.wp.com\/www.manquepierda.com\/historiarealbetis\/files\/2019\/08\/Album-de-cromos-temporada-1963-64-Editorial-Ruiz-Romero.jpg?fit=675%2C829&ssl=1","jetpack_sharing_enabled":true,"jetpack_shortlink":"https:\/\/wp.me\/p1ij08-i5A","jetpack-related-posts":[],"_links":{"self":[{"href":"https:\/\/www.manquepierda.com\/historiarealbetis\/wp-json\/wp\/v2\/posts\/69538","targetHints":{"allow":["GET"]}}],"collection":[{"href":"https:\/\/www.manquepierda.com\/historiarealbetis\/wp-json\/wp\/v2\/posts"}],"about":[{"href":"https:\/\/www.manquepierda.com\/historiarealbetis\/wp-json\/wp\/v2\/types\/post"}],"author":[{"embeddable":true,"href":"https:\/\/www.manquepierda.com\/historiarealbetis\/wp-json\/wp\/v2\/users\/5"}],"replies":[{"embeddable":true,"href":"https:\/\/www.manquepierda.com\/historiarealbetis\/wp-json\/wp\/v2\/comments?post=69538"}],"version-history":[{"count":1,"href":"https:\/\/www.manquepierda.com\/historiarealbetis\/wp-json\/wp\/v2\/posts\/69538\/revisions"}],"predecessor-version":[{"id":99998,"href":"https:\/\/www.manquepierda.com\/historiarealbetis\/wp-json\/wp\/v2\/posts\/69538\/revisions\/99998"}],"wp:featuredmedia":[{"embeddable":true,"href":"https:\/\/www.manquepierda.com\/historiarealbetis\/wp-json\/wp\/v2\/media\/69539"}],"wp:attachment":[{"href":"https:\/\/www.manquepierda.com\/historiarealbetis\/wp-json\/wp\/v2\/media?parent=69538"}],"wp:term":[{"taxonomy":"category","embeddable":true,"href":"https:\/\/www.manquepierda.com\/historiarealbetis\/wp-json\/wp\/v2\/categories?post=69538"},{"taxonomy":"post_tag","embeddable":true,"href":"https:\/\/www.manquepierda.com\/historiarealbetis\/wp-json\/wp\/v2\/tags?post=69538"}],"curies":[{"name":"wp","href":"https:\/\/api.w.org\/{rel}","templated":true}]}}