{"id":69583,"date":"2019-08-20T09:42:51","date_gmt":"2019-08-20T07:42:51","guid":{"rendered":"http:\/\/www.manquepierda.com\/historiarealbetis\/?p=69583"},"modified":"2024-09-14T17:01:35","modified_gmt":"2024-09-14T15:01:35","slug":"plantilla-temporada-1993-94","status":"publish","type":"post","link":"https:\/\/www.manquepierda.com\/historiarealbetis\/plantilla-temporada-1993-94\/","title":{"rendered":"Plantilla Temporada 1993-94"},"content":{"rendered":"<p><a href=\"https:\/\/i0.wp.com\/www.manquepierda.com\/historiarealbetis\/files\/2019\/08\/Plantilla-Temporada-1993-94.jpg?ssl=1\"><img data-recalc-dims=\"1\" loading=\"lazy\" decoding=\"async\" class=\"aligncenter size-medium wp-image-69584\" src=\"https:\/\/i0.wp.com\/www.manquepierda.com\/historiarealbetis\/files\/2019\/08\/Plantilla-Temporada-1993-94.jpg?resize=680%2C453&#038;ssl=1\" alt=\"\" width=\"680\" height=\"453\" srcset=\"https:\/\/i0.wp.com\/www.manquepierda.com\/historiarealbetis\/files\/2019\/08\/Plantilla-Temporada-1993-94.jpg?resize=680%2C453&amp;ssl=1 680w, https:\/\/i0.wp.com\/www.manquepierda.com\/historiarealbetis\/files\/2019\/08\/Plantilla-Temporada-1993-94.jpg?resize=220%2C147&amp;ssl=1 220w, https:\/\/i0.wp.com\/www.manquepierda.com\/historiarealbetis\/files\/2019\/08\/Plantilla-Temporada-1993-94.jpg?resize=768%2C512&amp;ssl=1 768w, https:\/\/i0.wp.com\/www.manquepierda.com\/historiarealbetis\/files\/2019\/08\/Plantilla-Temporada-1993-94.jpg?w=887&amp;ssl=1 887w\" sizes=\"auto, (max-width: 680px) 100vw, 680px\" \/><\/a><\/p>\n<p>Aunque la imagen que traemos hoy pone claramente temporada 1994-95 hemos de indicar que corresponde a la campa\u00f1a anterior, la 1993-94.<\/p>\n<p>Se trata de una imagen oficial de toda la plantilla verdiblanca y el cuerpo t\u00e9cnico realizada a finales de la temporada 1993-94.<\/p>\n<p>En la fila superior Yubero, Txirri, Ekstrom, R\u00edos, Diezma, Jos\u00e9 Luis, Monreal, M\u00e1rquez, Ol\u00edas y Requena; en la fila intermedia Pepe Lorente, Balan Gonz\u00e1lez, Juanlu, Gordillo, Manuel Ruiz de Lopera, Jos\u00e9 Le\u00f3n, Lorenzo Serra, Ure\u00f1a, M\u00e1gico D\u00edaz, Alexis y Rogelio Sosa; en la fila inferior Merino II, Ca\u00f1as, Soler, Aquino, Merino,\u00a0 Jos\u00e9 Mar\u00eda Montiel, Kasumov, Cu\u00e9llar, Tab Ramos, Kobelev y Juanito.<\/p>\n","protected":false},"excerpt":{"rendered":"<p>Aunque la imagen que traemos hoy pone claramente temporada 1994-95 hemos de indicar que corresponde a la campa\u00f1a anterior, la 1993-94. Se trata de una imagen oficial de toda la plantilla verdiblanca y el cuerpo t\u00e9cnico realizada a finales de la temporada 1993-94. En la fila superior Yubero, Txirri, Ekstrom, R\u00edos, Diezma, Jos\u00e9 Luis, Monreal,&#8230;<\/p>\n","protected":false},"author":5,"featured_media":69584,"comment_status":"open","ping_status":"open","sticky":false,"template":"","format":"standard","meta":{"_kad_post_transparent":"","_kad_post_title":"","_kad_post_layout":"","_kad_post_sidebar_id":"","_kad_post_content_style":"","_kad_post_vertical_padding":"","_kad_post_feature":"","_kad_post_feature_position":"","_kad_post_header":false,"_kad_post_footer":false,"_kad_post_classname":"","_jetpack_memberships_contains_paid_content":false,"footnotes":"","jetpack_publicize_message":"","jetpack_publicize_feature_enabled":true,"jetpack_social_post_already_shared":true,"jetpack_social_options":{"image_generator_settings":{"template":"highway","default_image_id":0,"font":"","enabled":false},"version":2}},"categories":[905,1],"tags":[2229,1540,1328,4446,1309,3922,16961,17039,3848,4001,16960,3653,1074,14331,8716,5467,15494,2290,6658,1399,1420,1403,1457,1369,3921,8707,17469,16768,1305,2289,1396,12371,1335,1400],"class_list":["post-69583","post","type-post","status-publish","format-standard","has-post-thumbnail","hentry","category-1990-1999","category-portada","tag-1993-94","tag-1540","tag-alexis-trujillo","tag-andrei-kobelev","tag-angel-cuellar","tag-antonio-monreal","tag-balan-gonzalez","tag-fernando-quintanilla-txirri","tag-javier-magico-diaz","tag-javier-yubero","tag-johny-ekstrom","tag-jose-leon-gomez","tag-jose-luis-diezma","tag-jose-luis-martinez","tag-jose-maria-montiel","tag-jose-salvador-requena","tag-juan-antonio-urena","tag-juan-jose-canas","tag-juan-luis-amigo-juanito","tag-juan-luis-bernal-juanlu","tag-juan-merino","tag-julio-soler","tag-lorenzo-serra","tag-luis-marquez","tag-luis-merino","tag-manuel-ruiz-de-lopera","tag-pep-alomar","tag-pepe-lorente","tag-rafael-gordillo","tag-roberto-rios","tag-rogelio-sosa","tag-tab-ramos","tag-tomas-olias","tag-velli-kasumov"],"jetpack_publicize_connections":[],"jetpack_featured_media_url":"https:\/\/i0.wp.com\/www.manquepierda.com\/historiarealbetis\/files\/2019\/08\/Plantilla-Temporada-1993-94.jpg?fit=887%2C591&ssl=1","jetpack_sharing_enabled":true,"jetpack_shortlink":"https:\/\/wp.me\/p1ij08-i6j","jetpack-related-posts":[],"_links":{"self":[{"href":"https:\/\/www.manquepierda.com\/historiarealbetis\/wp-json\/wp\/v2\/posts\/69583","targetHints":{"allow":["GET"]}}],"collection":[{"href":"https:\/\/www.manquepierda.com\/historiarealbetis\/wp-json\/wp\/v2\/posts"}],"about":[{"href":"https:\/\/www.manquepierda.com\/historiarealbetis\/wp-json\/wp\/v2\/types\/post"}],"author":[{"embeddable":true,"href":"https:\/\/www.manquepierda.com\/historiarealbetis\/wp-json\/wp\/v2\/users\/5"}],"replies":[{"embeddable":true,"href":"https:\/\/www.manquepierda.com\/historiarealbetis\/wp-json\/wp\/v2\/comments?post=69583"}],"version-history":[{"count":2,"href":"https:\/\/www.manquepierda.com\/historiarealbetis\/wp-json\/wp\/v2\/posts\/69583\/revisions"}],"predecessor-version":[{"id":99238,"href":"https:\/\/www.manquepierda.com\/historiarealbetis\/wp-json\/wp\/v2\/posts\/69583\/revisions\/99238"}],"wp:featuredmedia":[{"embeddable":true,"href":"https:\/\/www.manquepierda.com\/historiarealbetis\/wp-json\/wp\/v2\/media\/69584"}],"wp:attachment":[{"href":"https:\/\/www.manquepierda.com\/historiarealbetis\/wp-json\/wp\/v2\/media?parent=69583"}],"wp:term":[{"taxonomy":"category","embeddable":true,"href":"https:\/\/www.manquepierda.com\/historiarealbetis\/wp-json\/wp\/v2\/categories?post=69583"},{"taxonomy":"post_tag","embeddable":true,"href":"https:\/\/www.manquepierda.com\/historiarealbetis\/wp-json\/wp\/v2\/tags?post=69583"}],"curies":[{"name":"wp","href":"https:\/\/api.w.org\/{rel}","templated":true}]}}