{"id":69587,"date":"2019-08-23T10:15:05","date_gmt":"2019-08-23T08:15:05","guid":{"rendered":"http:\/\/www.manquepierda.com\/historiarealbetis\/?p=69587"},"modified":"2024-08-09T12:52:18","modified_gmt":"2024-08-09T10:52:18","slug":"alineacion-barcelona-betis-liga-1978","status":"publish","type":"post","link":"https:\/\/www.manquepierda.com\/historiarealbetis\/alineacion-barcelona-betis-liga-1978\/","title":{"rendered":"Alineaci\u00f3n Barcelona-Betis Liga 1978"},"content":{"rendered":"<p><a href=\"https:\/\/i0.wp.com\/www.manquepierda.com\/historiarealbetis\/files\/2019\/08\/Alineaci%C3%B3n-Barcelona-Betis-Liga-1978.jpg?ssl=1\"><img data-recalc-dims=\"1\" loading=\"lazy\" decoding=\"async\" class=\"aligncenter size-medium wp-image-69588\" src=\"https:\/\/i0.wp.com\/www.manquepierda.com\/historiarealbetis\/files\/2019\/08\/Alineaci%C3%B3n-Barcelona-Betis-Liga-1978.jpg?resize=680%2C515&#038;ssl=1\" alt=\"\" width=\"680\" height=\"515\" srcset=\"https:\/\/i0.wp.com\/www.manquepierda.com\/historiarealbetis\/files\/2019\/08\/Alineaci%C3%B3n-Barcelona-Betis-Liga-1978.jpg?resize=680%2C515&amp;ssl=1 680w, https:\/\/i0.wp.com\/www.manquepierda.com\/historiarealbetis\/files\/2019\/08\/Alineaci%C3%B3n-Barcelona-Betis-Liga-1978.jpg?resize=220%2C167&amp;ssl=1 220w, https:\/\/i0.wp.com\/www.manquepierda.com\/historiarealbetis\/files\/2019\/08\/Alineaci%C3%B3n-Barcelona-Betis-Liga-1978.jpg?resize=768%2C582&amp;ssl=1 768w, https:\/\/i0.wp.com\/www.manquepierda.com\/historiarealbetis\/files\/2019\/08\/Alineaci%C3%B3n-Barcelona-Betis-Liga-1978.jpg?w=797&amp;ssl=1 797w\" sizes=\"auto, (max-width: 680px) 100vw, 680px\" \/><\/a><\/p>\n<p>29 de enero de 1978 en el Nou Camp Barcelona 1 Betis 0; jornada 19 del Campeonato de Liga de Primera Divisi\u00f3n.<\/p>\n<p>En la imagen arriba Campos, Sabat\u00e9, Biosca, Ben\u00edtez, Gordillo y L\u00f3pez; abajo Garc\u00eda Soriano, Alabanda, Hugo Cabezas, Muhren y Carde\u00f1osa.<\/p>\n<p>Un tanto de Carlos Rexach en el minuto 49 dio la victoria al equipo local con un lanzamiento directo de falta, en un partido\u00a0 muy igualado y con un gol anulado a Hugo Cabezas por el \u00e1rbitro Medina Iglesias en una jugada muy pol\u00e9mica.<\/p>\n<p>Rinus Michels entrenaba al Barcelona y Rafael Iriondo al Betis.<\/p>\n","protected":false},"excerpt":{"rendered":"<p>29 de enero de 1978 en el Nou Camp Barcelona 1 Betis 0; jornada 19 del Campeonato de Liga de Primera Divisi\u00f3n. En la imagen arriba Campos, Sabat\u00e9, Biosca, Ben\u00edtez, Gordillo y L\u00f3pez; abajo Garc\u00eda Soriano, Alabanda, Hugo Cabezas, Muhren y Carde\u00f1osa. Un tanto de Carlos Rexach en el minuto 49 dio la victoria al&#8230;<\/p>\n","protected":false},"author":5,"featured_media":69588,"comment_status":"open","ping_status":"open","sticky":false,"template":"","format":"standard","meta":{"_kad_post_transparent":"","_kad_post_title":"","_kad_post_layout":"","_kad_post_sidebar_id":"","_kad_post_content_style":"","_kad_post_vertical_padding":"","_kad_post_feature":"","_kad_post_feature_position":"","_kad_post_header":false,"_kad_post_footer":false,"_kad_post_classname":"","_jetpack_memberships_contains_paid_content":false,"footnotes":"","jetpack_publicize_message":"","jetpack_publicize_feature_enabled":true,"jetpack_social_post_already_shared":true,"jetpack_social_options":{"image_generator_settings":{"template":"highway","default_image_id":0,"font":"","enabled":false},"version":2}},"categories":[903,1],"tags":[2144,59,1120,1157,1154,10130,940,1304,1178,1505,1155,17799,1303,1305,1164],"class_list":["post-69587","post","type-post","status-publish","format-standard","has-post-thumbnail","hentry","category-1970-1979","category-portada","tag-1977-78","tag-59","tag-antonio-benitez","tag-antonio-biosca","tag-fc-barcelona","tag-gerrie-muhren","tag-hugo-cabezas","tag-jaume-sabate","tag-javier-lopez","tag-juan-antonio-garcia-soriano","tag-julio-cardenosa","tag-liga-primera-1977-78","tag-manuel-campos","tag-rafael-gordillo","tag-sebastian-alabanda"],"jetpack_publicize_connections":[],"jetpack_featured_media_url":"https:\/\/i0.wp.com\/www.manquepierda.com\/historiarealbetis\/files\/2019\/08\/Alineaci%C3%B3n-Barcelona-Betis-Liga-1978.jpg?fit=797%2C604&ssl=1","jetpack_sharing_enabled":true,"jetpack_shortlink":"https:\/\/wp.me\/p1ij08-i6n","jetpack-related-posts":[],"_links":{"self":[{"href":"https:\/\/www.manquepierda.com\/historiarealbetis\/wp-json\/wp\/v2\/posts\/69587","targetHints":{"allow":["GET"]}}],"collection":[{"href":"https:\/\/www.manquepierda.com\/historiarealbetis\/wp-json\/wp\/v2\/posts"}],"about":[{"href":"https:\/\/www.manquepierda.com\/historiarealbetis\/wp-json\/wp\/v2\/types\/post"}],"author":[{"embeddable":true,"href":"https:\/\/www.manquepierda.com\/historiarealbetis\/wp-json\/wp\/v2\/users\/5"}],"replies":[{"embeddable":true,"href":"https:\/\/www.manquepierda.com\/historiarealbetis\/wp-json\/wp\/v2\/comments?post=69587"}],"version-history":[{"count":1,"href":"https:\/\/www.manquepierda.com\/historiarealbetis\/wp-json\/wp\/v2\/posts\/69587\/revisions"}],"predecessor-version":[{"id":95715,"href":"https:\/\/www.manquepierda.com\/historiarealbetis\/wp-json\/wp\/v2\/posts\/69587\/revisions\/95715"}],"wp:featuredmedia":[{"embeddable":true,"href":"https:\/\/www.manquepierda.com\/historiarealbetis\/wp-json\/wp\/v2\/media\/69588"}],"wp:attachment":[{"href":"https:\/\/www.manquepierda.com\/historiarealbetis\/wp-json\/wp\/v2\/media?parent=69587"}],"wp:term":[{"taxonomy":"category","embeddable":true,"href":"https:\/\/www.manquepierda.com\/historiarealbetis\/wp-json\/wp\/v2\/categories?post=69587"},{"taxonomy":"post_tag","embeddable":true,"href":"https:\/\/www.manquepierda.com\/historiarealbetis\/wp-json\/wp\/v2\/tags?post=69587"}],"curies":[{"name":"wp","href":"https:\/\/api.w.org\/{rel}","templated":true}]}}