{"id":69696,"date":"2019-09-02T09:02:59","date_gmt":"2019-09-02T07:02:59","guid":{"rendered":"http:\/\/www.manquepierda.com\/historiarealbetis\/?p=69696"},"modified":"2019-08-20T22:20:45","modified_gmt":"2019-08-20T20:20:45","slug":"entrevista-luis-aragones-1981","status":"publish","type":"post","link":"https:\/\/www.manquepierda.com\/historiarealbetis\/entrevista-luis-aragones-1981\/","title":{"rendered":"Entrevista Luis Aragon\u00e9s 1981"},"content":{"rendered":"<p><a href=\"https:\/\/i0.wp.com\/www.manquepierda.com\/historiarealbetis\/files\/2019\/08\/Luis-Aragon%C3%A9s.jpg?ssl=1\"><img data-recalc-dims=\"1\" loading=\"lazy\" decoding=\"async\" class=\"size-full wp-image-69697 alignleft\" src=\"https:\/\/i0.wp.com\/www.manquepierda.com\/historiarealbetis\/files\/2019\/08\/Luis-Aragon%C3%A9s.jpg?resize=352%2C480&#038;ssl=1\" alt=\"\" width=\"352\" height=\"480\" srcset=\"https:\/\/i0.wp.com\/www.manquepierda.com\/historiarealbetis\/files\/2019\/08\/Luis-Aragon%C3%A9s.jpg?w=352&amp;ssl=1 352w, https:\/\/i0.wp.com\/www.manquepierda.com\/historiarealbetis\/files\/2019\/08\/Luis-Aragon%C3%A9s.jpg?resize=161%2C220&amp;ssl=1 161w\" sizes=\"auto, (max-width: 352px) 100vw, 352px\" \/><\/a><\/p>\n<p>&nbsp;<\/p>\n<p>En mayo de 1981 se confirmaba el deseo de Luis Cid Carriega de no continuar en el Betis, tras dos grandes campa\u00f1as, y de marcharse al Atl\u00e9tico de Madrid.<\/p>\n<p>&nbsp;<\/p>\n<p>El sustituto elegido fue Luis Aragon\u00e9s, que desde el a\u00f1o anterior en que dej\u00f3 el Atl\u00e9tico de Madrid no hab\u00eda vuelto a los banquillos. Era desde luego una apuesta muy ambiciosa, pues el paso de Luis por el banquillo rojiblanco, tras muchos a\u00f1os de jugador colchonero, hab\u00eda deparado grandes triunfos.<\/p>\n<p>Y se trataba de un viejo conocido de la afici\u00f3n b\u00e9tica, dado que milit\u00f3 en el primer equipo del Real Betis Balompi\u00e9 entre 1961 y 1964.<\/p>\n<p>En esta entrevista publicada en el diario deportivo AS el 13 de mayo de 1981, a cargo del periodista Fernando Sotillo, Luis esbozaba las l\u00edneas maestras de su proyecto. Un proyecto ilusionante pero que desgraciadamente ni siquiera lleg\u00f3 a iniciarse, dado que en septiembre tuvo que abandonar el equipo aquejado de fuertes dolores de cabeza.<\/p>\n<p><span style=\"color: #008000\"><em>Sacado en su \u00faltimo tramo como jugador para entrenar al Atl\u00e9tico de Madrid; santo y se\u00f1a de los rojiblancos, Luis Aragon\u00e9s, por siempre ligado a estos colores, les proporcion\u00f3 un t\u00edtulo de Liga, uno de Copa y una Intercontinental, am\u00e9n de dos\u00a0 subcampeonatos en los m\u00e1ximos cert\u00e1menes futbol\u00edsticos hispanos.<\/em><\/span><\/p>\n<p><span style=\"color: #008000\"><em>Pero bast\u00f3 una campa\u00f1a irregular y llena de resultados amargos para que se decidiera no seguir utilizando sus servicios. Ni tan siquiera se le ofreci\u00f3 un puesto dentro del club a un hombre que se lo merece como pocos. Simplemente se le dej\u00f3 marchar, a \u00e9l y a lo que supon\u00eda para esta entidad.<\/em><\/span><\/p>\n<p><span style=\"color: #008000\"><em>Y se fue en silencio, tan callado como cuando est\u00e1 en la danza. Quiz\u00e1 porque sab\u00eda que volver\u00eda a lo suyo, que se hab\u00eda abierto un camino lo suficientemente bien trazado como para que lo buscaran. El Betis, el equipo en el que se catapult\u00f3 como jugador, lo quiere ahora como t\u00e9cnico. Saben de su experiencia y de su sabidur\u00eda y quieren aprovecharlas.<\/em><\/span><\/p>\n<p><span style=\"color: #008000\"><em>Sobre todo, porque a estos conceptos unir\u00e1 el del cari\u00f1o y el del agradecimiento, para as\u00ed trabajar mejor, a unos colores que fueron los primeros para Luis como profesional.<\/em><\/span><\/p>\n<ul>\n<li><span style=\"color: #008000\"><em>Se acab\u00f3 el a\u00f1o de paro<\/em><\/span><\/li>\n<li><span style=\"color: #008000\"><em>Bueno, se acabar\u00e1 el treinta de junio, en que tome posesi\u00f3n de mi cargo<\/em><\/span><\/li>\n<li><span style=\"color: #008000\"><em>\u00bfQu\u00e9 tal le ha ido estar tanto tiempo con los brazos cruzados?<\/em><\/span><\/li>\n<li><span style=\"color: #008000\"><em>Realmente no estuve con los brazos cruzados. Me dediqu\u00e9 a ver encuentros y, por tanto, a aprender<\/em><\/span><\/li>\n<li><span style=\"color: #008000\"><em>Para ahora aplicarlos, \u00bfno?<\/em><\/span><\/li>\n<li><span style=\"color: #008000\"><em>Yo, por aquel entonces, no sab\u00eda si se interesar\u00eda alg\u00fan equipo o no. Estaba de lleno la temporada y bastante ten\u00eda con intentar cumplir las metas trazadas en un principio<\/em><\/span><\/li>\n<li><span style=\"color: #008000\"><em>Y sin embargo\u2026<\/em><\/span><\/li>\n<li><span style=\"color: #008000\"><em>Empezaron a llamarme, a querer hacerse con mis servicios<\/em><\/span><\/li>\n<li><span style=\"color: #008000\"><em>\u00a1Qu\u00e9 envidia para algunos de sus colegas\u00a1<\/em><\/span><\/li>\n<li><span style=\"color: #008000\"><em>En verdad, no me puedo quejar de mi suerte en este aspecto. M\u00e1xime cuando uno de estos clubs ha sido el Betis<\/em><\/span><\/li>\n<li><span style=\"color: #008000\"><em>\u00bfAcaso colma todas las aspiraciones de Luis el conjunto verdiblanco?<\/em><\/span><\/li>\n<li><span style=\"color: #008000\"><em>No cabe duda de que es uno de los mejores equipos de Espa\u00f1a, de los que se tiene en cuenta. Por otra parte, estuve tres a\u00f1os como jugador, y creo que triunf\u00e9 defendiendo estos colores, hasta el punto de que el Atl\u00e9tico de Madrid me fich\u00f3. Pienso que ahora querr\u00e1n que repita mis \u00e9xitos, pero como entrenador, claro<\/em><\/span><\/li>\n<li><span style=\"color: #008000\"><em>Carriega se lo ha puesto dif\u00edcil, \u00bfeh?<\/em><\/span><\/li>\n<li><span style=\"color: #008000\"><em>Al menos ha hecho una gran labor en los dos a\u00f1os que ha estado y si no ha continuado ha sido, \u00fanica y exclusivamente, porque \u00e9l no ha querido. No obstante, \u00e9sta es una etapa superada y ahora empieza la m\u00eda<\/em><\/span><\/li>\n<li><span style=\"color: #008000\"><em>\u00bfC\u00f3mo ser\u00e1?<\/em><\/span><\/li>\n<li><span style=\"color: #008000\"><em>Voy con todas mis ganas e ilusi\u00f3n, as\u00ed como con mis conocimientos. En principio deseo continuar la tarea de Carriega y poco a poco superarla<\/em><\/span><\/li>\n<\/ul>\n<p><span style=\"color: #008000\"><em>El enlace Luis-Betis ha sido como un matrimonio por poderes. Y es que mientras el t\u00e9cnico permanece en Madrid, el equipo est\u00e1 en tierras sudamericanas, como otros clubs espa\u00f1oles, bati\u00e9ndose contra selecciones nacionales, que siempre viene bien un dinero que traerse para las arcas. Sin embargo esto no es \u00f3bice para que en la mente de Luis ya empiecen a bullir ideas ante su futuro b\u00e9tico, ya pr\u00f3ximo.<\/em><\/span><\/p>\n<ul>\n<li><span style=\"color: #008000\"><em>Considero que la l\u00ednea m\u00e1s necesitada de refuerzos es la ofensiva. Ahora mismo s\u00f3lo contamos con Mor\u00e1n, Diarte y Segundo como aut\u00e9nticos delanteros. Tres son pocos<\/em><\/span><\/li>\n<li><span style=\"color: #008000\"><em>Tres que quiz\u00e1 se queden en dos, si Mor\u00e1n se va al Barcelona\u2026<\/em><\/span><\/li>\n<li><span style=\"color: #008000\"><em>Esto ya no es de mi incumbencia. Son cosas de la directiva y ellos sabr\u00e1n lo que se hacen<\/em><\/span><\/li>\n<li><span style=\"color: #008000\"><em>El nombre de Krankl suena fuerte\u2026<\/em><\/span><\/li>\n<li><span style=\"color: #008000\"><em>Le digo lo mismo que antes. Pero reconozco que es un gran jugador y que a cualquier entrenador le gustar\u00eda hacerse con sus servicios. Por supuesto que existen contactos para fichar gente, pero habr\u00e1 que esperar al treinta de junio, en que yo me hago cargo del equipo, para determinar ciertos asuntos<\/em><\/span><\/li>\n<li><span style=\"color: #008000\"><em>\u00bfEs el peor defecto del Betis como conjunto su irregularidad?<\/em><\/span><\/li>\n<li><span style=\"color: #008000\"><em>Un equipo que termina sexto en la Liga no puede pecar de un defecto as\u00ed<\/em><\/span><\/li>\n<li><span style=\"color: #008000\"><em>Pero es que fue capaz de ganar cero a cuatro en el Vicente Calder\u00f3n y luego perder en la siguiente salida dos a cero, frente al Salamanca\u2026<\/em><\/span><\/li>\n<li><span style=\"color: #008000\"><em>Son cosas que entran dentro del complejo mundillo del f\u00fatbol. Por m\u00ed encantado con que jugase siempre como aquel d\u00eda frente al Atleti.<\/em><\/span><\/li>\n<li><span style=\"color: #008000\"><em>Precisamente contra el Atleti, contra su Atleti, Luis<\/em><\/span><\/li>\n<li><span style=\"color: #008000\"><em>Siempre lo llevar\u00e9 dentro, pues fueron diecis\u00e9is a\u00f1os defendiendo sus colores<\/em><\/span><\/li>\n<li><span style=\"color: #008000\"><em>Ahora lleva los del Betis<\/em><\/span><\/li>\n<li><span style=\"color: #008000\"><em>Tambi\u00e9n los llevaba antes. All\u00ed me consagr\u00e9 como jugador y esto no lo puedo olvidar nunca<\/em><\/span><\/li>\n<li><span style=\"color: #008000\"><em>Hace falta que como t\u00e9cnico\u2026<\/em><\/span><\/li>\n<li><span style=\"color: #008000\"><em>Lo procurar\u00e9. Como procurar\u00e9 que su juego no sea flor de un d\u00eda y clasificarle lo m\u00e1s alto posible<\/em><\/span><\/li>\n<li><span style=\"color: #008000\"><em>\u00bfT\u00edtulo incluido?<\/em><\/span><\/li>\n<li><span style=\"color: #008000\"><em>Aqu\u00ed saben sus aut\u00e9nticas posibilidades y tienen los pies en la tierra. De salida \u00e9sa no es la meta, pero si se pone a tiro de piedra, al menos, lo intentaremos<\/em><\/span><\/li>\n<li><span style=\"color: #008000\"><em>Los triunfos a tan\u2026<\/em><\/span><\/li>\n<li><span style=\"color: #008000\"><em>No me importar\u00eda estar unido a este club todo el tiempo que fuese necesario. Al contrario, encantado con ello<\/em><\/span><\/li>\n<\/ul>\n<p><span style=\"color: #008000\"><em>Y esperemos que el Betis tampoco. O que al menos, si alg\u00fan d\u00eda decidieran desprenderse de sus servicios como entrenador, le busquen un puesto en la entidad. Que no estar\u00eda bien hacer con \u00e9l lo que otros hicieron y llevaba sus colores a\u00fan m\u00e1s dentro\u2026 \u00a0<\/em><\/span><\/p>\n","protected":false},"excerpt":{"rendered":"<p>&nbsp; En mayo de 1981 se confirmaba el deseo de Luis Cid Carriega de no continuar en el Betis, tras dos grandes campa\u00f1as, y de marcharse al Atl\u00e9tico de Madrid. &nbsp; El sustituto elegido fue Luis Aragon\u00e9s, que desde el a\u00f1o anterior en que dej\u00f3 el Atl\u00e9tico de Madrid no hab\u00eda vuelto a los banquillos&#8230;.<\/p>\n","protected":false},"author":5,"featured_media":69697,"comment_status":"open","ping_status":"open","sticky":false,"template":"","format":"standard","meta":{"_kad_post_transparent":"","_kad_post_title":"","_kad_post_layout":"","_kad_post_sidebar_id":"","_kad_post_content_style":"","_kad_post_vertical_padding":"","_kad_post_feature":"","_kad_post_feature_position":"","_kad_post_header":false,"_kad_post_footer":false,"_kad_post_classname":"","_jetpack_memberships_contains_paid_content":false,"footnotes":"","jetpack_publicize_message":"","jetpack_publicize_feature_enabled":true,"jetpack_social_post_already_shared":true,"jetpack_social_options":{"image_generator_settings":{"template":"highway","default_image_id":0,"font":"","enabled":false},"version":2}},"categories":[904,892,1],"tags":[1525,1456],"class_list":["post-69696","post","type-post","status-publish","format-standard","has-post-thumbnail","hentry","category-1980-1989","category-entrenadores-temas","category-portada","tag-1525","tag-luis-aragones"],"jetpack_publicize_connections":[],"jetpack_featured_media_url":"https:\/\/i0.wp.com\/www.manquepierda.com\/historiarealbetis\/files\/2019\/08\/Luis-Aragon%C3%A9s.jpg?fit=352%2C480&ssl=1","jetpack_sharing_enabled":true,"jetpack_shortlink":"https:\/\/wp.me\/p1ij08-i88","jetpack-related-posts":[],"_links":{"self":[{"href":"https:\/\/www.manquepierda.com\/historiarealbetis\/wp-json\/wp\/v2\/posts\/69696","targetHints":{"allow":["GET"]}}],"collection":[{"href":"https:\/\/www.manquepierda.com\/historiarealbetis\/wp-json\/wp\/v2\/posts"}],"about":[{"href":"https:\/\/www.manquepierda.com\/historiarealbetis\/wp-json\/wp\/v2\/types\/post"}],"author":[{"embeddable":true,"href":"https:\/\/www.manquepierda.com\/historiarealbetis\/wp-json\/wp\/v2\/users\/5"}],"replies":[{"embeddable":true,"href":"https:\/\/www.manquepierda.com\/historiarealbetis\/wp-json\/wp\/v2\/comments?post=69696"}],"version-history":[{"count":0,"href":"https:\/\/www.manquepierda.com\/historiarealbetis\/wp-json\/wp\/v2\/posts\/69696\/revisions"}],"wp:featuredmedia":[{"embeddable":true,"href":"https:\/\/www.manquepierda.com\/historiarealbetis\/wp-json\/wp\/v2\/media\/69697"}],"wp:attachment":[{"href":"https:\/\/www.manquepierda.com\/historiarealbetis\/wp-json\/wp\/v2\/media?parent=69696"}],"wp:term":[{"taxonomy":"category","embeddable":true,"href":"https:\/\/www.manquepierda.com\/historiarealbetis\/wp-json\/wp\/v2\/categories?post=69696"},{"taxonomy":"post_tag","embeddable":true,"href":"https:\/\/www.manquepierda.com\/historiarealbetis\/wp-json\/wp\/v2\/tags?post=69696"}],"curies":[{"name":"wp","href":"https:\/\/api.w.org\/{rel}","templated":true}]}}