{"id":69767,"date":"2019-09-03T09:47:47","date_gmt":"2019-09-03T07:47:47","guid":{"rendered":"http:\/\/www.manquepierda.com\/historiarealbetis\/?p=69767"},"modified":"2019-09-04T07:41:53","modified_gmt":"2019-09-04T05:41:53","slug":"cordoba-betis-amistoso-1981","status":"publish","type":"post","link":"https:\/\/www.manquepierda.com\/historiarealbetis\/cordoba-betis-amistoso-1981\/","title":{"rendered":"C\u00f3rdoba-Betis Amistoso 1981"},"content":{"rendered":"<p><a href=\"https:\/\/i0.wp.com\/www.manquepierda.com\/historiarealbetis\/files\/2019\/09\/C%C3%B3rdoba-Betis-Amistoso-1981.jpg?ssl=1\"><img data-recalc-dims=\"1\" loading=\"lazy\" decoding=\"async\" class=\"aligncenter size-full wp-image-69768\" src=\"https:\/\/i0.wp.com\/www.manquepierda.com\/historiarealbetis\/files\/2019\/09\/C%C3%B3rdoba-Betis-Amistoso-1981.jpg?resize=484%2C332&#038;ssl=1\" alt=\"\" width=\"484\" height=\"332\" srcset=\"https:\/\/i0.wp.com\/www.manquepierda.com\/historiarealbetis\/files\/2019\/09\/C%C3%B3rdoba-Betis-Amistoso-1981.jpg?w=484&amp;ssl=1 484w, https:\/\/i0.wp.com\/www.manquepierda.com\/historiarealbetis\/files\/2019\/09\/C%C3%B3rdoba-Betis-Amistoso-1981.jpg?resize=220%2C151&amp;ssl=1 220w, https:\/\/i0.wp.com\/www.manquepierda.com\/historiarealbetis\/files\/2019\/09\/C%C3%B3rdoba-Betis-Amistoso-1981.jpg?resize=75%2C52&amp;ssl=1 75w\" sizes=\"auto, (max-width: 484px) 100vw, 484px\" \/><\/a><\/p>\n<p>3 de junio de 1981 en El Arc\u00e1ngel\u00a0 C\u00f3rdoba 1\u00a0 Betis 1; partido amistoso de homenaje a Francisco Calzado \u00abLitri\u00bb, hist\u00f3rico masajista del club cordobesista.<\/p>\n<p>En la imagen el tr\u00edo arbitral encabezado por Fand\u00f3s Hern\u00e1ndez junto al homenajeado y los capitanes Manol\u00edn Cuesta por el C\u00f3rdoba y Julio Carde\u00f1osa por el Betis.<\/p>\n<p>Precisamente ellos fueros los autores de los dos tantos del partido: Manol\u00edn Cuesta adelant\u00f3 al C\u00f3rdoba en el minuto 30 y Julio Carde\u00f1osa empat\u00f3 para el Betis en el 79.<\/p>\n<p>Cayetano Re entrenaba al C\u00f3rdoba y Luis Carriega al Betis.<\/p>\n","protected":false},"excerpt":{"rendered":"<p>3 de junio de 1981 en El Arc\u00e1ngel\u00a0 C\u00f3rdoba 1\u00a0 Betis 1; partido amistoso de homenaje a Francisco Calzado \u00abLitri\u00bb, hist\u00f3rico masajista del club cordobesista. En la imagen el tr\u00edo arbitral encabezado por Fand\u00f3s Hern\u00e1ndez junto al homenajeado y los capitanes Manol\u00edn Cuesta por el C\u00f3rdoba y Julio Carde\u00f1osa por el Betis. Precisamente ellos fueros&#8230;<\/p>\n","protected":false},"author":5,"featured_media":69768,"comment_status":"open","ping_status":"open","sticky":false,"template":"","format":"standard","meta":{"_kad_post_transparent":"","_kad_post_title":"","_kad_post_layout":"","_kad_post_sidebar_id":"","_kad_post_content_style":"","_kad_post_vertical_padding":"","_kad_post_feature":"","_kad_post_feature_position":"","_kad_post_header":false,"_kad_post_footer":false,"_kad_post_classname":"","_jetpack_memberships_contains_paid_content":false,"footnotes":"","jetpack_publicize_message":"","jetpack_publicize_feature_enabled":true,"jetpack_social_post_already_shared":true,"jetpack_social_options":{"image_generator_settings":{"template":"highway","default_image_id":0,"font":"","enabled":false},"version":2}},"categories":[904,1],"tags":[2291,1525,2110,16965,1155,16964],"class_list":["post-69767","post","type-post","status-publish","format-standard","has-post-thumbnail","hentry","category-1980-1989","category-portada","tag-1980-81","tag-1525","tag-cordoba-cf","tag-francisco-calzado-litri","tag-julio-cardenosa","tag-manolin-cuesta"],"jetpack_publicize_connections":[],"jetpack_featured_media_url":"https:\/\/i0.wp.com\/www.manquepierda.com\/historiarealbetis\/files\/2019\/09\/C%C3%B3rdoba-Betis-Amistoso-1981.jpg?fit=484%2C332&ssl=1","jetpack_sharing_enabled":true,"jetpack_shortlink":"https:\/\/wp.me\/p1ij08-i9h","jetpack-related-posts":[],"_links":{"self":[{"href":"https:\/\/www.manquepierda.com\/historiarealbetis\/wp-json\/wp\/v2\/posts\/69767","targetHints":{"allow":["GET"]}}],"collection":[{"href":"https:\/\/www.manquepierda.com\/historiarealbetis\/wp-json\/wp\/v2\/posts"}],"about":[{"href":"https:\/\/www.manquepierda.com\/historiarealbetis\/wp-json\/wp\/v2\/types\/post"}],"author":[{"embeddable":true,"href":"https:\/\/www.manquepierda.com\/historiarealbetis\/wp-json\/wp\/v2\/users\/5"}],"replies":[{"embeddable":true,"href":"https:\/\/www.manquepierda.com\/historiarealbetis\/wp-json\/wp\/v2\/comments?post=69767"}],"version-history":[{"count":0,"href":"https:\/\/www.manquepierda.com\/historiarealbetis\/wp-json\/wp\/v2\/posts\/69767\/revisions"}],"wp:featuredmedia":[{"embeddable":true,"href":"https:\/\/www.manquepierda.com\/historiarealbetis\/wp-json\/wp\/v2\/media\/69768"}],"wp:attachment":[{"href":"https:\/\/www.manquepierda.com\/historiarealbetis\/wp-json\/wp\/v2\/media?parent=69767"}],"wp:term":[{"taxonomy":"category","embeddable":true,"href":"https:\/\/www.manquepierda.com\/historiarealbetis\/wp-json\/wp\/v2\/categories?post=69767"},{"taxonomy":"post_tag","embeddable":true,"href":"https:\/\/www.manquepierda.com\/historiarealbetis\/wp-json\/wp\/v2\/tags?post=69767"}],"curies":[{"name":"wp","href":"https:\/\/api.w.org\/{rel}","templated":true}]}}