{"id":69792,"date":"2024-09-05T12:00:00","date_gmt":"2024-09-05T10:00:00","guid":{"rendered":"http:\/\/www.manquepierda.com\/historiarealbetis\/?p=69792"},"modified":"2024-08-07T12:18:54","modified_gmt":"2024-08-07T10:18:54","slug":"hoy-hace-65-anos-24","status":"publish","type":"post","link":"https:\/\/www.manquepierda.com\/historiarealbetis\/hoy-hace-65-anos-24\/","title":{"rendered":"Hoy hace 70 a\u00f1os. Homenaje a Patrick O\u00b4Connell."},"content":{"rendered":"<p><a href=\"https:\/\/i0.wp.com\/www.manquepierda.com\/historiarealbetis\/files\/2019\/09\/5-1954-Homenaje-O%C2%B4Connell-.jpg?ssl=1\"><img data-recalc-dims=\"1\" loading=\"lazy\" decoding=\"async\" class=\"aligncenter size-full wp-image-69793\" src=\"https:\/\/i0.wp.com\/www.manquepierda.com\/historiarealbetis\/files\/2019\/09\/5-1954-Homenaje-O%C2%B4Connell-.jpg?resize=490%2C283&#038;ssl=1\" alt=\"\" width=\"490\" height=\"283\" srcset=\"https:\/\/i0.wp.com\/www.manquepierda.com\/historiarealbetis\/files\/2019\/09\/5-1954-Homenaje-O%C2%B4Connell-.jpg?w=490&amp;ssl=1 490w, https:\/\/i0.wp.com\/www.manquepierda.com\/historiarealbetis\/files\/2019\/09\/5-1954-Homenaje-O%C2%B4Connell-.jpg?resize=220%2C127&amp;ssl=1 220w, https:\/\/i0.wp.com\/www.manquepierda.com\/historiarealbetis\/files\/2019\/09\/5-1954-Homenaje-O%C2%B4Connell-.jpg?resize=400%2C230&amp;ssl=1 400w\" sizes=\"auto, (max-width: 490px) 100vw, 490px\" \/><\/a><\/p>\n<p><span style=\"color: #008000\">El 5 de septiembre de 1954 el Betis rinde homenaje a la figura de Patrick O\u00b4Connell, el entrenador irland\u00e9s que en 1935 conquist\u00f3 el Campeonato de Liga de Primera Divisi\u00f3n.<\/span><\/p>\n<p><span style=\"color: #008000\">En Heli\u00f3polis se enfrentan el Betis y una selecci\u00f3n andaluza, venciendo el Betis por 2 a 0 con goles de Flores.<\/span><\/p>\n<p><span style=\"color: #008000\">El Betis, entrenado por Francisco G\u00f3mez, aline\u00f3 a Gonz\u00e1lez; Su\u00f1er, Gabilondo, Cifuentes; Oscar, Guerrero; Pe\u00f1afuerte, Barinaga, Villota, F\u00e9lix y Flores.<\/span><\/p>\n<p><span style=\"color: #008000\">La selecci\u00f3n, dirigida por Andr\u00e9s Aranda, aline\u00f3 a Montes; Mu\u00f1oz, Herrera II, Valero; Monti, Vilari\u00f1o; Mangui, Pineda, Quirro, Zuppo y Liz II.<\/span><\/p>\n","protected":false},"excerpt":{"rendered":"<p>El 5 de septiembre de 1954 el Betis rinde homenaje a la figura de Patrick O\u00b4Connell, el entrenador irland\u00e9s que en 1935 conquist\u00f3 el Campeonato de Liga de Primera Divisi\u00f3n. En Heli\u00f3polis se enfrentan el Betis y una selecci\u00f3n andaluza, venciendo el Betis por 2 a 0 con goles de Flores. El Betis, entrenado por&#8230;<\/p>\n","protected":false},"author":5,"featured_media":69793,"comment_status":"open","ping_status":"open","sticky":false,"template":"","format":"standard","meta":{"_kad_post_transparent":"","_kad_post_title":"","_kad_post_layout":"","_kad_post_sidebar_id":"","_kad_post_content_style":"","_kad_post_vertical_padding":"","_kad_post_feature":"","_kad_post_feature_position":"","_kad_post_header":false,"_kad_post_footer":false,"_kad_post_classname":"","_jetpack_memberships_contains_paid_content":false,"footnotes":"","jetpack_publicize_message":"","jetpack_publicize_feature_enabled":true,"jetpack_social_post_already_shared":true,"jetpack_social_options":{"image_generator_settings":{"template":"highway","default_image_id":0,"font":"","enabled":false},"version":2}},"categories":[901,14583,1],"tags":[54,642],"class_list":["post-69792","post","type-post","status-publish","format-standard","has-post-thumbnail","hentry","category-1950-1959","category-efemerides","category-portada","tag-54","tag-patrick-oconnell"],"jetpack_publicize_connections":[],"jetpack_featured_media_url":"https:\/\/i0.wp.com\/www.manquepierda.com\/historiarealbetis\/files\/2019\/09\/5-1954-Homenaje-O%C2%B4Connell-.jpg?fit=490%2C283&ssl=1","jetpack_sharing_enabled":true,"jetpack_shortlink":"https:\/\/wp.me\/p1ij08-i9G","jetpack-related-posts":[],"_links":{"self":[{"href":"https:\/\/www.manquepierda.com\/historiarealbetis\/wp-json\/wp\/v2\/posts\/69792","targetHints":{"allow":["GET"]}}],"collection":[{"href":"https:\/\/www.manquepierda.com\/historiarealbetis\/wp-json\/wp\/v2\/posts"}],"about":[{"href":"https:\/\/www.manquepierda.com\/historiarealbetis\/wp-json\/wp\/v2\/types\/post"}],"author":[{"embeddable":true,"href":"https:\/\/www.manquepierda.com\/historiarealbetis\/wp-json\/wp\/v2\/users\/5"}],"replies":[{"embeddable":true,"href":"https:\/\/www.manquepierda.com\/historiarealbetis\/wp-json\/wp\/v2\/comments?post=69792"}],"version-history":[{"count":1,"href":"https:\/\/www.manquepierda.com\/historiarealbetis\/wp-json\/wp\/v2\/posts\/69792\/revisions"}],"predecessor-version":[{"id":95488,"href":"https:\/\/www.manquepierda.com\/historiarealbetis\/wp-json\/wp\/v2\/posts\/69792\/revisions\/95488"}],"wp:featuredmedia":[{"embeddable":true,"href":"https:\/\/www.manquepierda.com\/historiarealbetis\/wp-json\/wp\/v2\/media\/69793"}],"wp:attachment":[{"href":"https:\/\/www.manquepierda.com\/historiarealbetis\/wp-json\/wp\/v2\/media?parent=69792"}],"wp:term":[{"taxonomy":"category","embeddable":true,"href":"https:\/\/www.manquepierda.com\/historiarealbetis\/wp-json\/wp\/v2\/categories?post=69792"},{"taxonomy":"post_tag","embeddable":true,"href":"https:\/\/www.manquepierda.com\/historiarealbetis\/wp-json\/wp\/v2\/tags?post=69792"}],"curies":[{"name":"wp","href":"https:\/\/api.w.org\/{rel}","templated":true}]}}