{"id":69909,"date":"2022-09-11T11:00:00","date_gmt":"2022-09-11T09:00:00","guid":{"rendered":"http:\/\/www.manquepierda.com\/historiarealbetis\/?p=69909"},"modified":"2024-08-14T16:59:10","modified_gmt":"2024-08-14T14:59:10","slug":"hoy-hace-25-anos-debut-de-juan-sabas","status":"publish","type":"post","link":"https:\/\/www.manquepierda.com\/historiarealbetis\/hoy-hace-25-anos-debut-de-juan-sabas\/","title":{"rendered":"Hoy hace 28 a\u00f1os. Debut de Juan Sabas."},"content":{"rendered":"<p><a href=\"https:\/\/i0.wp.com\/www.manquepierda.com\/historiarealbetis\/files\/2019\/09\/11-1194-Debut-de-Sabas-.jpg?ssl=1\"><img data-recalc-dims=\"1\" loading=\"lazy\" decoding=\"async\" class=\"aligncenter size-full wp-image-69910\" src=\"https:\/\/i0.wp.com\/www.manquepierda.com\/historiarealbetis\/files\/2019\/09\/11-1194-Debut-de-Sabas-.jpg?resize=432%2C560&#038;ssl=1\" alt=\"\" width=\"432\" height=\"560\" srcset=\"https:\/\/i0.wp.com\/www.manquepierda.com\/historiarealbetis\/files\/2019\/09\/11-1194-Debut-de-Sabas-.jpg?w=432&amp;ssl=1 432w, https:\/\/i0.wp.com\/www.manquepierda.com\/historiarealbetis\/files\/2019\/09\/11-1194-Debut-de-Sabas-.jpg?resize=170%2C220&amp;ssl=1 170w\" sizes=\"auto, (max-width: 432px) 100vw, 432px\" \/><\/a><\/p>\n<p><span style=\"color: #008000\">El 11 de septiembre de 1994 debuta en partido oficial con el Real Betis Balompi\u00e9 Juan Sabas, en el encuentro de la segunda jornada del Campeonato de Liga de Primera Divisi\u00f3n que enfrenta a Betis y Albacete en el Villamar\u00edn, y que concluy\u00f3 con victoria local por 4 a 1.<\/span><\/p>\n<p><span style=\"color: #008000\">Sabas salt\u00f3 al terreno de juego en el minuto 78 sustituyendo a Angel Cu\u00e9llar.<\/span><\/p>\n<p><span style=\"color: #008000\">Cuando Sabas debut\u00f3 con el Betis ten\u00eda 27 a\u00f1os y hab\u00eda llegado procedente del Atl\u00e9tico de Madrid.<\/span><\/p>\n<p><span style=\"color: #008000\">Para saber m\u00e1s de la trayectoria b\u00e9tica de Juan Sabas ver <a href=\"https:\/\/www.manquepierda.com\/historiarealbetis\/juan-sabas\/\"><strong>aqu\u00ed.&nbsp;<\/strong><\/a><\/span><\/p>\n","protected":false},"excerpt":{"rendered":"<p>El 11 de septiembre de 1994 debuta en partido oficial con el Real Betis Balompi\u00e9 Juan Sabas, en el encuentro de la segunda jornada del Campeonato de Liga de Primera Divisi\u00f3n que enfrenta a Betis y Albacete en el Villamar\u00edn, y que concluy\u00f3 con victoria local por 4 a 1. Sabas salt\u00f3 al terreno de&#8230;<\/p>\n","protected":false},"author":5,"featured_media":69910,"comment_status":"open","ping_status":"open","sticky":false,"template":"","format":"standard","meta":{"_kad_post_transparent":"","_kad_post_title":"","_kad_post_layout":"","_kad_post_sidebar_id":"","_kad_post_content_style":"","_kad_post_vertical_padding":"","_kad_post_feature":"","_kad_post_feature_position":"","_kad_post_header":false,"_kad_post_footer":false,"_kad_post_classname":"","_jetpack_memberships_contains_paid_content":false,"footnotes":"","jetpack_publicize_message":"","jetpack_publicize_feature_enabled":true,"jetpack_social_post_already_shared":true,"jetpack_social_options":{"image_generator_settings":{"template":"highway","default_image_id":0,"font":"","enabled":false},"version":2}},"categories":[905,14583,1],"tags":[1540,3822,17863],"class_list":["post-69909","post","type-post","status-publish","format-standard","has-post-thumbnail","hentry","category-1990-1999","category-efemerides","category-portada","tag-1540","tag-juan-sabas","tag-liga-primera-1994-95"],"jetpack_publicize_connections":[],"jetpack_featured_media_url":"https:\/\/i0.wp.com\/www.manquepierda.com\/historiarealbetis\/files\/2019\/09\/11-1194-Debut-de-Sabas-.jpg?fit=432%2C560&ssl=1","jetpack_sharing_enabled":true,"jetpack_shortlink":"https:\/\/wp.me\/p1ij08-ibz","jetpack-related-posts":[],"_links":{"self":[{"href":"https:\/\/www.manquepierda.com\/historiarealbetis\/wp-json\/wp\/v2\/posts\/69909","targetHints":{"allow":["GET"]}}],"collection":[{"href":"https:\/\/www.manquepierda.com\/historiarealbetis\/wp-json\/wp\/v2\/posts"}],"about":[{"href":"https:\/\/www.manquepierda.com\/historiarealbetis\/wp-json\/wp\/v2\/types\/post"}],"author":[{"embeddable":true,"href":"https:\/\/www.manquepierda.com\/historiarealbetis\/wp-json\/wp\/v2\/users\/5"}],"replies":[{"embeddable":true,"href":"https:\/\/www.manquepierda.com\/historiarealbetis\/wp-json\/wp\/v2\/comments?post=69909"}],"version-history":[{"count":1,"href":"https:\/\/www.manquepierda.com\/historiarealbetis\/wp-json\/wp\/v2\/posts\/69909\/revisions"}],"predecessor-version":[{"id":85732,"href":"https:\/\/www.manquepierda.com\/historiarealbetis\/wp-json\/wp\/v2\/posts\/69909\/revisions\/85732"}],"wp:featuredmedia":[{"embeddable":true,"href":"https:\/\/www.manquepierda.com\/historiarealbetis\/wp-json\/wp\/v2\/media\/69910"}],"wp:attachment":[{"href":"https:\/\/www.manquepierda.com\/historiarealbetis\/wp-json\/wp\/v2\/media?parent=69909"}],"wp:term":[{"taxonomy":"category","embeddable":true,"href":"https:\/\/www.manquepierda.com\/historiarealbetis\/wp-json\/wp\/v2\/categories?post=69909"},{"taxonomy":"post_tag","embeddable":true,"href":"https:\/\/www.manquepierda.com\/historiarealbetis\/wp-json\/wp\/v2\/tags?post=69909"}],"curies":[{"name":"wp","href":"https:\/\/api.w.org\/{rel}","templated":true}]}}