{"id":70122,"date":"2023-09-14T11:00:00","date_gmt":"2023-09-14T09:00:00","guid":{"rendered":"http:\/\/www.manquepierda.com\/historiarealbetis\/?p=70122"},"modified":"2023-08-23T15:24:08","modified_gmt":"2023-08-23T13:24:08","slug":"hoy-hace-56-anos-bendicion-del-campo-del-triana-balompie","status":"publish","type":"post","link":"https:\/\/www.manquepierda.com\/historiarealbetis\/hoy-hace-56-anos-bendicion-del-campo-del-triana-balompie\/","title":{"rendered":"Hoy hace 60 a\u00f1os. Bendici\u00f3n del campo del Triana Balompi\u00e9."},"content":{"rendered":"<p><a href=\"https:\/\/i0.wp.com\/www.manquepierda.com\/historiarealbetis\/files\/2019\/09\/14-1963-Bendici%C3%B3n-del-campo-del-Triana.jpg?ssl=1\"><img data-recalc-dims=\"1\" loading=\"lazy\" decoding=\"async\" class=\"aligncenter size-medium wp-image-70123\" src=\"https:\/\/i0.wp.com\/www.manquepierda.com\/historiarealbetis\/files\/2019\/09\/14-1963-Bendici%C3%B3n-del-campo-del-Triana.jpg?resize=680%2C412&#038;ssl=1\" alt=\"\" width=\"680\" height=\"412\" srcset=\"https:\/\/i0.wp.com\/www.manquepierda.com\/historiarealbetis\/files\/2019\/09\/14-1963-Bendici%C3%B3n-del-campo-del-Triana.jpg?resize=680%2C412&amp;ssl=1 680w, https:\/\/i0.wp.com\/www.manquepierda.com\/historiarealbetis\/files\/2019\/09\/14-1963-Bendici%C3%B3n-del-campo-del-Triana.jpg?resize=220%2C133&amp;ssl=1 220w, https:\/\/i0.wp.com\/www.manquepierda.com\/historiarealbetis\/files\/2019\/09\/14-1963-Bendici%C3%B3n-del-campo-del-Triana.jpg?w=716&amp;ssl=1 716w\" sizes=\"auto, (max-width: 680px) 100vw, 680px\" \/><\/a><\/p>\n<p><span style=\"color: #008000\">El 14 de septiembre de 1963 tiene lugar la bendici\u00f3n del nuevo campo del Triana Balompi\u00e9, denominado Mar\u00eda Auxiliadora, en los Salesianos de Triana.<\/span><\/p>\n<p><span style=\"color: #008000\">Al acto acuden las directivas del Real Betis Balompi\u00e9, presidida por Benito Villamar\u00edn, y del Triana Balompi\u00e9, presidida por Alfonso Jaramillo. Jos\u00e9 Manuel Mart\u00edn, director de los Salesiamos, fue quien imparti\u00f3 la bendici\u00f3n del recinto del filial verdiblanco, que se estrenar\u00eda oficialmente en la segunda jornada de la Liga Regional contra el Juventud de Mor\u00f3n el 29 de septiembre de 1963.<\/span><\/p>\n","protected":false},"excerpt":{"rendered":"<p>El 14 de septiembre de 1963 tiene lugar la bendici\u00f3n del nuevo campo del Triana Balompi\u00e9, denominado Mar\u00eda Auxiliadora, en los Salesianos de Triana. Al acto acuden las directivas del Real Betis Balompi\u00e9, presidida por Benito Villamar\u00edn, y del Triana Balompi\u00e9, presidida por Alfonso Jaramillo. Jos\u00e9 Manuel Mart\u00edn, director de los Salesiamos, fue quien imparti\u00f3&#8230;<\/p>\n","protected":false},"author":5,"featured_media":70123,"comment_status":"open","ping_status":"open","sticky":false,"template":"","format":"standard","meta":{"_kad_post_transparent":"","_kad_post_title":"","_kad_post_layout":"","_kad_post_sidebar_id":"","_kad_post_content_style":"","_kad_post_vertical_padding":"","_kad_post_feature":"","_kad_post_feature_position":"","_kad_post_header":false,"_kad_post_footer":false,"_kad_post_classname":"","_jetpack_memberships_contains_paid_content":false,"footnotes":"","jetpack_publicize_message":"","jetpack_publicize_feature_enabled":true,"jetpack_social_post_already_shared":true,"jetpack_social_options":{"image_generator_settings":{"template":"highway","default_image_id":0,"font":"","enabled":false},"version":2}},"categories":[902,14583,1],"tags":[4281,2211],"class_list":["post-70122","post","type-post","status-publish","format-standard","has-post-thumbnail","hentry","category-1960-1969","category-efemerides","category-portada","tag-4281","tag-triana-balompie"],"jetpack_publicize_connections":[],"jetpack_featured_media_url":"https:\/\/i0.wp.com\/www.manquepierda.com\/historiarealbetis\/files\/2019\/09\/14-1963-Bendici%C3%B3n-del-campo-del-Triana.jpg?fit=716%2C434&ssl=1","jetpack_sharing_enabled":true,"jetpack_shortlink":"https:\/\/wp.me\/p1ij08-if0","jetpack-related-posts":[],"_links":{"self":[{"href":"https:\/\/www.manquepierda.com\/historiarealbetis\/wp-json\/wp\/v2\/posts\/70122","targetHints":{"allow":["GET"]}}],"collection":[{"href":"https:\/\/www.manquepierda.com\/historiarealbetis\/wp-json\/wp\/v2\/posts"}],"about":[{"href":"https:\/\/www.manquepierda.com\/historiarealbetis\/wp-json\/wp\/v2\/types\/post"}],"author":[{"embeddable":true,"href":"https:\/\/www.manquepierda.com\/historiarealbetis\/wp-json\/wp\/v2\/users\/5"}],"replies":[{"embeddable":true,"href":"https:\/\/www.manquepierda.com\/historiarealbetis\/wp-json\/wp\/v2\/comments?post=70122"}],"version-history":[{"count":1,"href":"https:\/\/www.manquepierda.com\/historiarealbetis\/wp-json\/wp\/v2\/posts\/70122\/revisions"}],"predecessor-version":[{"id":90534,"href":"https:\/\/www.manquepierda.com\/historiarealbetis\/wp-json\/wp\/v2\/posts\/70122\/revisions\/90534"}],"wp:featuredmedia":[{"embeddable":true,"href":"https:\/\/www.manquepierda.com\/historiarealbetis\/wp-json\/wp\/v2\/media\/70123"}],"wp:attachment":[{"href":"https:\/\/www.manquepierda.com\/historiarealbetis\/wp-json\/wp\/v2\/media?parent=70122"}],"wp:term":[{"taxonomy":"category","embeddable":true,"href":"https:\/\/www.manquepierda.com\/historiarealbetis\/wp-json\/wp\/v2\/categories?post=70122"},{"taxonomy":"post_tag","embeddable":true,"href":"https:\/\/www.manquepierda.com\/historiarealbetis\/wp-json\/wp\/v2\/tags?post=70122"}],"curies":[{"name":"wp","href":"https:\/\/api.w.org\/{rel}","templated":true}]}}