{"id":70313,"date":"2024-09-23T12:00:00","date_gmt":"2024-09-23T10:00:00","guid":{"rendered":"http:\/\/www.manquepierda.com\/historiarealbetis\/?p=70313"},"modified":"2024-08-09T19:01:58","modified_gmt":"2024-08-09T17:01:58","slug":"hoy-hace-35-anos-valencia-0-betis-1","status":"publish","type":"post","link":"https:\/\/www.manquepierda.com\/historiarealbetis\/hoy-hace-35-anos-valencia-0-betis-1\/","title":{"rendered":"Hoy hace 40 a\u00f1os. Valencia 0 Betis 1."},"content":{"rendered":"<p><span style=\"color: #008000\"><a href=\"https:\/\/i0.wp.com\/www.manquepierda.com\/historiarealbetis\/files\/2019\/09\/23-1984-Valencia-0-Betis-1.jpg?ssl=1\"><img data-recalc-dims=\"1\" loading=\"lazy\" decoding=\"async\" class=\"aligncenter size-medium wp-image-70316\" src=\"https:\/\/i0.wp.com\/www.manquepierda.com\/historiarealbetis\/files\/2019\/09\/23-1984-Valencia-0-Betis-1.jpg?resize=680%2C487&#038;ssl=1\" alt=\"\" width=\"680\" height=\"487\" srcset=\"https:\/\/i0.wp.com\/www.manquepierda.com\/historiarealbetis\/files\/2019\/09\/23-1984-Valencia-0-Betis-1.jpg?resize=680%2C487&amp;ssl=1 680w, https:\/\/i0.wp.com\/www.manquepierda.com\/historiarealbetis\/files\/2019\/09\/23-1984-Valencia-0-Betis-1.jpg?resize=220%2C158&amp;ssl=1 220w, https:\/\/i0.wp.com\/www.manquepierda.com\/historiarealbetis\/files\/2019\/09\/23-1984-Valencia-0-Betis-1.jpg?resize=768%2C551&amp;ssl=1 768w, https:\/\/i0.wp.com\/www.manquepierda.com\/historiarealbetis\/files\/2019\/09\/23-1984-Valencia-0-Betis-1.jpg?w=830&amp;ssl=1 830w\" sizes=\"auto, (max-width: 680px) 100vw, 680px\" \/><\/a><\/span><\/p>\n<p><span style=\"color: #008000\">El 23 de septiembre de 1984 el Betis se impone 0-1 al Valencia en el Luis Casanova en partido de la jornada 4 del Campeonato de Liga de Primera Divisi\u00f3n.<\/span><\/p>\n<p><span style=\"color: #008000\">Parra en el minuto 17 fue el autor del tanto verdiblanco.<\/span><\/p>\n<p><span style=\"color: #008000\">El Valencia, dirigido por Roberto Gil, aline\u00f3 a Sempere; Granero, Tendillo, Arias, Serrat; Castellanos, Subirats (69, Fernando), Roberto; Saura, Cabrera y Sixto (61, Urrutia).<\/span><\/p>\n<p><span style=\"color: #008000\">El Betis, entrenado por Pepe Alzate, form\u00f3 con Esnaola; Diego, Mantilla, Alex, Gordillo; Parra, Ortega (46, Carmelo), Carde\u00f1osa (83, Casado); Rinc\u00f3n, Paco y Su\u00e1rez.<\/span><\/p>\n","protected":false},"excerpt":{"rendered":"<p>El 23 de septiembre de 1984 el Betis se impone 0-1 al Valencia en el Luis Casanova en partido de la jornada 4 del Campeonato de Liga de Primera Divisi\u00f3n. Parra en el minuto 17 fue el autor del tanto verdiblanco. El Valencia, dirigido por Roberto Gil, aline\u00f3 a Sempere; Granero, Tendillo, Arias, Serrat; Castellanos,&#8230;<\/p>\n","protected":false},"author":5,"featured_media":70316,"comment_status":"open","ping_status":"open","sticky":false,"template":"","format":"standard","meta":{"_kad_post_transparent":"","_kad_post_title":"","_kad_post_layout":"","_kad_post_sidebar_id":"","_kad_post_content_style":"","_kad_post_vertical_padding":"","_kad_post_feature":"","_kad_post_feature_position":"","_kad_post_header":false,"_kad_post_footer":false,"_kad_post_classname":"","_jetpack_memberships_contains_paid_content":false,"footnotes":"","jetpack_publicize_message":"","jetpack_publicize_feature_enabled":true,"jetpack_social_post_already_shared":true,"jetpack_social_options":{"image_generator_settings":{"template":"highway","default_image_id":0,"font":"","enabled":false},"version":2}},"categories":[904,14583,1],"tags":[3115,17862,2285],"class_list":["post-70313","post","type-post","status-publish","format-standard","has-post-thumbnail","hentry","category-1980-1989","category-efemerides","category-portada","tag-3115","tag-liga-primera-1984-85","tag-valencia-cf"],"jetpack_publicize_connections":[],"jetpack_featured_media_url":"https:\/\/i0.wp.com\/www.manquepierda.com\/historiarealbetis\/files\/2019\/09\/23-1984-Valencia-0-Betis-1.jpg?fit=830%2C595&ssl=1","jetpack_sharing_enabled":true,"jetpack_shortlink":"https:\/\/wp.me\/p1ij08-ii5","jetpack-related-posts":[],"_links":{"self":[{"href":"https:\/\/www.manquepierda.com\/historiarealbetis\/wp-json\/wp\/v2\/posts\/70313","targetHints":{"allow":["GET"]}}],"collection":[{"href":"https:\/\/www.manquepierda.com\/historiarealbetis\/wp-json\/wp\/v2\/posts"}],"about":[{"href":"https:\/\/www.manquepierda.com\/historiarealbetis\/wp-json\/wp\/v2\/types\/post"}],"author":[{"embeddable":true,"href":"https:\/\/www.manquepierda.com\/historiarealbetis\/wp-json\/wp\/v2\/users\/5"}],"replies":[{"embeddable":true,"href":"https:\/\/www.manquepierda.com\/historiarealbetis\/wp-json\/wp\/v2\/comments?post=70313"}],"version-history":[{"count":1,"href":"https:\/\/www.manquepierda.com\/historiarealbetis\/wp-json\/wp\/v2\/posts\/70313\/revisions"}],"predecessor-version":[{"id":95507,"href":"https:\/\/www.manquepierda.com\/historiarealbetis\/wp-json\/wp\/v2\/posts\/70313\/revisions\/95507"}],"wp:featuredmedia":[{"embeddable":true,"href":"https:\/\/www.manquepierda.com\/historiarealbetis\/wp-json\/wp\/v2\/media\/70316"}],"wp:attachment":[{"href":"https:\/\/www.manquepierda.com\/historiarealbetis\/wp-json\/wp\/v2\/media?parent=70313"}],"wp:term":[{"taxonomy":"category","embeddable":true,"href":"https:\/\/www.manquepierda.com\/historiarealbetis\/wp-json\/wp\/v2\/categories?post=70313"},{"taxonomy":"post_tag","embeddable":true,"href":"https:\/\/www.manquepierda.com\/historiarealbetis\/wp-json\/wp\/v2\/tags?post=70313"}],"curies":[{"name":"wp","href":"https:\/\/api.w.org\/{rel}","templated":true}]}}