{"id":70337,"date":"2019-09-23T09:56:52","date_gmt":"2019-09-23T07:56:52","guid":{"rendered":"http:\/\/www.manquepierda.com\/historiarealbetis\/?p=70337"},"modified":"2024-09-07T16:26:55","modified_gmt":"2024-09-07T14:26:55","slug":"betis-levante-liga-1989","status":"publish","type":"post","link":"https:\/\/www.manquepierda.com\/historiarealbetis\/betis-levante-liga-1989\/","title":{"rendered":"Betis-Levante Liga 1989"},"content":{"rendered":"<p><a href=\"https:\/\/i0.wp.com\/www.manquepierda.com\/historiarealbetis\/files\/2019\/09\/Betis-Levante-Liga-1989.jpg?ssl=1\"><img data-recalc-dims=\"1\" loading=\"lazy\" decoding=\"async\" class=\"aligncenter size-medium wp-image-70338\" src=\"https:\/\/i0.wp.com\/www.manquepierda.com\/historiarealbetis\/files\/2019\/09\/Betis-Levante-Liga-1989.jpg?resize=567%2C600&#038;ssl=1\" alt=\"\" width=\"567\" height=\"600\" srcset=\"https:\/\/i0.wp.com\/www.manquepierda.com\/historiarealbetis\/files\/2019\/09\/Betis-Levante-Liga-1989.jpg?resize=567%2C600&amp;ssl=1 567w, https:\/\/i0.wp.com\/www.manquepierda.com\/historiarealbetis\/files\/2019\/09\/Betis-Levante-Liga-1989.jpg?resize=208%2C220&amp;ssl=1 208w, https:\/\/i0.wp.com\/www.manquepierda.com\/historiarealbetis\/files\/2019\/09\/Betis-Levante-Liga-1989.jpg?resize=768%2C812&amp;ssl=1 768w, https:\/\/i0.wp.com\/www.manquepierda.com\/historiarealbetis\/files\/2019\/09\/Betis-Levante-Liga-1989.jpg?resize=662%2C700&amp;ssl=1 662w, https:\/\/i0.wp.com\/www.manquepierda.com\/historiarealbetis\/files\/2019\/09\/Betis-Levante-Liga-1989.jpg?w=1365&amp;ssl=1 1365w\" sizes=\"auto, (max-width: 567px) 100vw, 567px\" \/><\/a><\/p>\n<p>24 de septiembre de 1989 en el Villamar\u00edn\u00a0 Betis\u00a0 0\u00a0 \u00a0Levante\u00a0 0; partido de la jornada 4 del Campeonato de Liga de Segunda Divisi\u00f3n.<\/p>\n<p>En la imagen una jugada de ataque sobre la porter\u00eda levantinista con Pepe Mel, Miguel Angel II y Puma Rodr\u00edguez sumados al ataque.<\/p>\n<p>Juan Corbacho entrenaba al Betis y Roberto Alvarez al Levante.<\/p>\n","protected":false},"excerpt":{"rendered":"<p>24 de septiembre de 1989 en el Villamar\u00edn\u00a0 Betis\u00a0 0\u00a0 \u00a0Levante\u00a0 0; partido de la jornada 4 del Campeonato de Liga de Segunda Divisi\u00f3n. En la imagen una jugada de ataque sobre la porter\u00eda levantinista con Pepe Mel, Miguel Angel II y Puma Rodr\u00edguez sumados al ataque. Juan Corbacho entrenaba al Betis y Roberto Alvarez&#8230;<\/p>\n","protected":false},"author":5,"featured_media":70338,"comment_status":"open","ping_status":"open","sticky":false,"template":"","format":"standard","meta":{"_kad_post_transparent":"","_kad_post_title":"","_kad_post_layout":"","_kad_post_sidebar_id":"","_kad_post_content_style":"","_kad_post_vertical_padding":"","_kad_post_feature":"","_kad_post_feature_position":"","_kad_post_header":false,"_kad_post_footer":false,"_kad_post_classname":"","_jetpack_memberships_contains_paid_content":false,"footnotes":"","jetpack_publicize_message":"","jetpack_publicize_feature_enabled":true,"jetpack_social_post_already_shared":true,"jetpack_social_options":{"image_generator_settings":{"template":"highway","default_image_id":0,"font":"","enabled":false},"version":2}},"categories":[904,1],"tags":[5648,2228,2690,9616,17870,2686,655],"class_list":["post-70337","post","type-post","status-publish","format-standard","has-post-thumbnail","hentry","category-1980-1989","category-portada","tag-5648","tag-1989-90","tag-jose-luis-puma-rodriguez","tag-levante-ud","tag-liga-segunda-1989-90","tag-miguel-angel-ii-martinez","tag-pepe-mel"],"jetpack_publicize_connections":[],"jetpack_featured_media_url":"https:\/\/i0.wp.com\/www.manquepierda.com\/historiarealbetis\/files\/2019\/09\/Betis-Levante-Liga-1989.jpg?fit=1365%2C1444&ssl=1","jetpack_sharing_enabled":true,"jetpack_shortlink":"https:\/\/wp.me\/p1ij08-iit","jetpack-related-posts":[],"_links":{"self":[{"href":"https:\/\/www.manquepierda.com\/historiarealbetis\/wp-json\/wp\/v2\/posts\/70337","targetHints":{"allow":["GET"]}}],"collection":[{"href":"https:\/\/www.manquepierda.com\/historiarealbetis\/wp-json\/wp\/v2\/posts"}],"about":[{"href":"https:\/\/www.manquepierda.com\/historiarealbetis\/wp-json\/wp\/v2\/types\/post"}],"author":[{"embeddable":true,"href":"https:\/\/www.manquepierda.com\/historiarealbetis\/wp-json\/wp\/v2\/users\/5"}],"replies":[{"embeddable":true,"href":"https:\/\/www.manquepierda.com\/historiarealbetis\/wp-json\/wp\/v2\/comments?post=70337"}],"version-history":[{"count":1,"href":"https:\/\/www.manquepierda.com\/historiarealbetis\/wp-json\/wp\/v2\/posts\/70337\/revisions"}],"predecessor-version":[{"id":96189,"href":"https:\/\/www.manquepierda.com\/historiarealbetis\/wp-json\/wp\/v2\/posts\/70337\/revisions\/96189"}],"wp:featuredmedia":[{"embeddable":true,"href":"https:\/\/www.manquepierda.com\/historiarealbetis\/wp-json\/wp\/v2\/media\/70338"}],"wp:attachment":[{"href":"https:\/\/www.manquepierda.com\/historiarealbetis\/wp-json\/wp\/v2\/media?parent=70337"}],"wp:term":[{"taxonomy":"category","embeddable":true,"href":"https:\/\/www.manquepierda.com\/historiarealbetis\/wp-json\/wp\/v2\/categories?post=70337"},{"taxonomy":"post_tag","embeddable":true,"href":"https:\/\/www.manquepierda.com\/historiarealbetis\/wp-json\/wp\/v2\/tags?post=70337"}],"curies":[{"name":"wp","href":"https:\/\/api.w.org\/{rel}","templated":true}]}}