{"id":70671,"date":"2024-10-12T12:00:00","date_gmt":"2024-10-12T10:00:00","guid":{"rendered":"http:\/\/www.manquepierda.com\/historiarealbetis\/?p=70671"},"modified":"2024-09-24T00:19:02","modified_gmt":"2024-09-23T22:19:02","slug":"hoy-hace-40-anos-retirada-de-juan-manuel-cobo","status":"publish","type":"post","link":"https:\/\/www.manquepierda.com\/historiarealbetis\/hoy-hace-40-anos-retirada-de-juan-manuel-cobo\/","title":{"rendered":"Hoy hace 45 a\u00f1os. Retirada de Juan Manuel Cobo"},"content":{"rendered":"<p><a href=\"https:\/\/i0.wp.com\/www.manquepierda.com\/historiarealbetis\/files\/2019\/10\/12-1979-Cobo-se-retira.jpg?ssl=1\"><img data-recalc-dims=\"1\" loading=\"lazy\" decoding=\"async\" class=\"aligncenter size-full wp-image-70672\" src=\"https:\/\/i0.wp.com\/www.manquepierda.com\/historiarealbetis\/files\/2019\/10\/12-1979-Cobo-se-retira.jpg?resize=267%2C577&#038;ssl=1\" alt=\"\" width=\"267\" height=\"577\" srcset=\"https:\/\/i0.wp.com\/www.manquepierda.com\/historiarealbetis\/files\/2019\/10\/12-1979-Cobo-se-retira.jpg?w=267&amp;ssl=1 267w, https:\/\/i0.wp.com\/www.manquepierda.com\/historiarealbetis\/files\/2019\/10\/12-1979-Cobo-se-retira.jpg?resize=102%2C220&amp;ssl=1 102w\" sizes=\"auto, (max-width: 267px) 100vw, 267px\" \/><\/a><\/p>\n<p><span style=\"color: #008000\">El 12 de octubre de 1979 Juan Manuel Cobo se desliga del Real Betis Balompi\u00e9, retir\u00e1ndose del f\u00fatbol tras 14 temporadas en activo, de las que 11 las disput\u00f3 en el Betis, al que lleg\u00f3 en 1969 procedente de la Gimn\u00e1stica de Torrelavega.<\/span><\/p>\n<p><span style=\"color: #008000\">\u00a0Para saber m\u00e1s de su trayectoria b\u00e9tica ver <a href=\"https:\/\/www.manquepierda.com\/historiarealbetis\/juan-manuel-cobo\/\"><strong>aqu\u00ed.\u00a0<\/strong><\/a><\/span><\/p>\n","protected":false},"excerpt":{"rendered":"<p>El 12 de octubre de 1979 Juan Manuel Cobo se desliga del Real Betis Balompi\u00e9, retir\u00e1ndose del f\u00fatbol tras 14 temporadas en activo, de las que 11 las disput\u00f3 en el Betis, al que lleg\u00f3 en 1969 procedente de la Gimn\u00e1stica de Torrelavega. \u00a0Para saber m\u00e1s de su trayectoria b\u00e9tica ver aqu\u00ed.\u00a0<\/p>\n","protected":false},"author":5,"featured_media":70672,"comment_status":"open","ping_status":"open","sticky":false,"template":"","format":"standard","meta":{"_kad_post_transparent":"","_kad_post_title":"","_kad_post_layout":"","_kad_post_sidebar_id":"","_kad_post_content_style":"","_kad_post_vertical_padding":"","_kad_post_feature":"","_kad_post_feature_position":"","_kad_post_header":false,"_kad_post_footer":false,"_kad_post_classname":"","_jetpack_memberships_contains_paid_content":false,"footnotes":"","jetpack_publicize_message":"","jetpack_publicize_feature_enabled":true,"jetpack_social_post_already_shared":true,"jetpack_social_options":{"image_generator_settings":{"template":"highway","default_image_id":0,"font":"","enabled":false},"version":2}},"categories":[903,14583,1],"tags":[1033,1181],"class_list":["post-70671","post","type-post","status-publish","format-standard","has-post-thumbnail","hentry","category-1970-1979","category-efemerides","category-portada","tag-1033","tag-juan-manuel-cobo"],"jetpack_publicize_connections":[],"jetpack_featured_media_url":"https:\/\/i0.wp.com\/www.manquepierda.com\/historiarealbetis\/files\/2019\/10\/12-1979-Cobo-se-retira.jpg?fit=267%2C577&ssl=1","jetpack_sharing_enabled":true,"jetpack_shortlink":"https:\/\/wp.me\/p1ij08-inR","jetpack-related-posts":[],"_links":{"self":[{"href":"https:\/\/www.manquepierda.com\/historiarealbetis\/wp-json\/wp\/v2\/posts\/70671","targetHints":{"allow":["GET"]}}],"collection":[{"href":"https:\/\/www.manquepierda.com\/historiarealbetis\/wp-json\/wp\/v2\/posts"}],"about":[{"href":"https:\/\/www.manquepierda.com\/historiarealbetis\/wp-json\/wp\/v2\/types\/post"}],"author":[{"embeddable":true,"href":"https:\/\/www.manquepierda.com\/historiarealbetis\/wp-json\/wp\/v2\/users\/5"}],"replies":[{"embeddable":true,"href":"https:\/\/www.manquepierda.com\/historiarealbetis\/wp-json\/wp\/v2\/comments?post=70671"}],"version-history":[{"count":2,"href":"https:\/\/www.manquepierda.com\/historiarealbetis\/wp-json\/wp\/v2\/posts\/70671\/revisions"}],"predecessor-version":[{"id":99619,"href":"https:\/\/www.manquepierda.com\/historiarealbetis\/wp-json\/wp\/v2\/posts\/70671\/revisions\/99619"}],"wp:featuredmedia":[{"embeddable":true,"href":"https:\/\/www.manquepierda.com\/historiarealbetis\/wp-json\/wp\/v2\/media\/70672"}],"wp:attachment":[{"href":"https:\/\/www.manquepierda.com\/historiarealbetis\/wp-json\/wp\/v2\/media?parent=70671"}],"wp:term":[{"taxonomy":"category","embeddable":true,"href":"https:\/\/www.manquepierda.com\/historiarealbetis\/wp-json\/wp\/v2\/categories?post=70671"},{"taxonomy":"post_tag","embeddable":true,"href":"https:\/\/www.manquepierda.com\/historiarealbetis\/wp-json\/wp\/v2\/tags?post=70671"}],"curies":[{"name":"wp","href":"https:\/\/api.w.org\/{rel}","templated":true}]}}