{"id":70698,"date":"2024-10-06T12:00:00","date_gmt":"2024-10-06T10:00:00","guid":{"rendered":"http:\/\/www.manquepierda.com\/historiarealbetis\/?p=70698"},"modified":"2024-09-24T00:13:41","modified_gmt":"2024-09-23T22:13:41","slug":"hoy-hace-30-anos-dia-mundial-del-beticismo","status":"publish","type":"post","link":"https:\/\/www.manquepierda.com\/historiarealbetis\/hoy-hace-30-anos-dia-mundial-del-beticismo\/","title":{"rendered":"Hoy hace 35 a\u00f1os. D\u00eda Mundial del Beticismo"},"content":{"rendered":"<p><a href=\"https:\/\/i0.wp.com\/www.manquepierda.com\/historiarealbetis\/files\/2019\/10\/6-1989-D%C3%ADa-Mundial-del-Beticismo.jpg?ssl=1\"><img data-recalc-dims=\"1\" loading=\"lazy\" decoding=\"async\" class=\"aligncenter size-medium wp-image-70699\" src=\"https:\/\/i0.wp.com\/www.manquepierda.com\/historiarealbetis\/files\/2019\/10\/6-1989-D%C3%ADa-Mundial-del-Beticismo.jpg?resize=279%2C600&#038;ssl=1\" alt=\"\" width=\"279\" height=\"600\" srcset=\"https:\/\/i0.wp.com\/www.manquepierda.com\/historiarealbetis\/files\/2019\/10\/6-1989-D%C3%ADa-Mundial-del-Beticismo.jpg?resize=279%2C600&amp;ssl=1 279w, https:\/\/i0.wp.com\/www.manquepierda.com\/historiarealbetis\/files\/2019\/10\/6-1989-D%C3%ADa-Mundial-del-Beticismo.jpg?resize=102%2C220&amp;ssl=1 102w, https:\/\/i0.wp.com\/www.manquepierda.com\/historiarealbetis\/files\/2019\/10\/6-1989-D%C3%ADa-Mundial-del-Beticismo.jpg?resize=326%2C700&amp;ssl=1 326w, https:\/\/i0.wp.com\/www.manquepierda.com\/historiarealbetis\/files\/2019\/10\/6-1989-D%C3%ADa-Mundial-del-Beticismo.jpg?w=447&amp;ssl=1 447w\" sizes=\"auto, (max-width: 279px) 100vw, 279px\" \/><\/a><\/p>\n<p><span style=\"color: #008000\">El 6 de octubre de 1989 se celebra en el Villamar\u00edn el llamado D\u00eda Mundial del Beticismo, que no es m\u00e1s que un espect\u00e1culo musical con el fin de recabar fondos en un momento de grave crisis econ\u00f3mica de la entidad.<\/span><\/p>\n<p><span style=\"color: #008000\">Un acto el que estaban anunciadas m\u00e1s de 30 actuaciones musicales y al que asistieron unas 6 mil personas, con una recaudaci\u00f3n de 3 millones de pesetas. Un espect\u00e1culo que termin\u00f3 cerca de las 4 de la madrugada, a pesar de la falta de algunos de los artistas anunciados, y que dej\u00f3 bastante que desear en el aspecto organizativo.&nbsp;<\/span><\/p>\n","protected":false},"excerpt":{"rendered":"<p>El 6 de octubre de 1989 se celebra en el Villamar\u00edn el llamado D\u00eda Mundial del Beticismo, que no es m\u00e1s que un espect\u00e1culo musical con el fin de recabar fondos en un momento de grave crisis econ\u00f3mica de la entidad. Un acto el que estaban anunciadas m\u00e1s de 30 actuaciones musicales y al que&#8230;<\/p>\n","protected":false},"author":5,"featured_media":70699,"comment_status":"open","ping_status":"open","sticky":false,"template":"","format":"standard","meta":{"_kad_post_transparent":"","_kad_post_title":"","_kad_post_layout":"","_kad_post_sidebar_id":"","_kad_post_content_style":"","_kad_post_vertical_padding":"","_kad_post_feature":"","_kad_post_feature_position":"","_kad_post_header":false,"_kad_post_footer":false,"_kad_post_classname":"","_jetpack_memberships_contains_paid_content":false,"footnotes":"","jetpack_publicize_message":"","jetpack_publicize_feature_enabled":true,"jetpack_social_post_already_shared":true,"jetpack_social_options":{"image_generator_settings":{"template":"highway","default_image_id":0,"font":"","enabled":false},"version":2}},"categories":[904,14583,1],"tags":[5648,16975,17870],"class_list":["post-70698","post","type-post","status-publish","format-standard","has-post-thumbnail","hentry","category-1980-1989","category-efemerides","category-portada","tag-5648","tag-dia-mundial-del-beticismo","tag-liga-segunda-1989-90"],"jetpack_publicize_connections":[],"jetpack_featured_media_url":"https:\/\/i0.wp.com\/www.manquepierda.com\/historiarealbetis\/files\/2019\/10\/6-1989-D%C3%ADa-Mundial-del-Beticismo.jpg?fit=447%2C960&ssl=1","jetpack_sharing_enabled":true,"jetpack_shortlink":"https:\/\/wp.me\/p1ij08-ioi","jetpack-related-posts":[],"_links":{"self":[{"href":"https:\/\/www.manquepierda.com\/historiarealbetis\/wp-json\/wp\/v2\/posts\/70698","targetHints":{"allow":["GET"]}}],"collection":[{"href":"https:\/\/www.manquepierda.com\/historiarealbetis\/wp-json\/wp\/v2\/posts"}],"about":[{"href":"https:\/\/www.manquepierda.com\/historiarealbetis\/wp-json\/wp\/v2\/types\/post"}],"author":[{"embeddable":true,"href":"https:\/\/www.manquepierda.com\/historiarealbetis\/wp-json\/wp\/v2\/users\/5"}],"replies":[{"embeddable":true,"href":"https:\/\/www.manquepierda.com\/historiarealbetis\/wp-json\/wp\/v2\/comments?post=70698"}],"version-history":[{"count":2,"href":"https:\/\/www.manquepierda.com\/historiarealbetis\/wp-json\/wp\/v2\/posts\/70698\/revisions"}],"predecessor-version":[{"id":99612,"href":"https:\/\/www.manquepierda.com\/historiarealbetis\/wp-json\/wp\/v2\/posts\/70698\/revisions\/99612"}],"wp:featuredmedia":[{"embeddable":true,"href":"https:\/\/www.manquepierda.com\/historiarealbetis\/wp-json\/wp\/v2\/media\/70699"}],"wp:attachment":[{"href":"https:\/\/www.manquepierda.com\/historiarealbetis\/wp-json\/wp\/v2\/media?parent=70698"}],"wp:term":[{"taxonomy":"category","embeddable":true,"href":"https:\/\/www.manquepierda.com\/historiarealbetis\/wp-json\/wp\/v2\/categories?post=70698"},{"taxonomy":"post_tag","embeddable":true,"href":"https:\/\/www.manquepierda.com\/historiarealbetis\/wp-json\/wp\/v2\/tags?post=70698"}],"curies":[{"name":"wp","href":"https:\/\/api.w.org\/{rel}","templated":true}]}}