{"id":70805,"date":"2024-10-29T12:00:00","date_gmt":"2024-10-29T11:00:00","guid":{"rendered":"http:\/\/www.manquepierda.com\/historiarealbetis\/?p=70805"},"modified":"2026-02-25T14:25:07","modified_gmt":"2026-02-25T13:25:07","slug":"hoy-hace-45-anos-nace-albert-nadj","status":"publish","type":"post","link":"https:\/\/www.manquepierda.com\/historiarealbetis\/hoy-hace-45-anos-nace-albert-nadj\/","title":{"rendered":"Hoy hace 50 a\u00f1os. Nace Albert Nadj."},"content":{"rendered":"<p><a href=\"https:\/\/i0.wp.com\/www.manquepierda.com\/historiarealbetis\/files\/2019\/10\/29-1974-Nace-Albert-Nadj.jpg?ssl=1\"><img data-recalc-dims=\"1\" loading=\"lazy\" decoding=\"async\" class=\"aligncenter size-full wp-image-70807\" src=\"https:\/\/i0.wp.com\/www.manquepierda.com\/historiarealbetis\/files\/2019\/10\/29-1974-Nace-Albert-Nadj.jpg?resize=399%2C463&#038;ssl=1\" alt=\"\" width=\"399\" height=\"463\" srcset=\"https:\/\/i0.wp.com\/www.manquepierda.com\/historiarealbetis\/files\/2019\/10\/29-1974-Nace-Albert-Nadj.jpg?w=399&amp;ssl=1 399w, https:\/\/i0.wp.com\/www.manquepierda.com\/historiarealbetis\/files\/2019\/10\/29-1974-Nace-Albert-Nadj.jpg?resize=190%2C220&amp;ssl=1 190w\" sizes=\"auto, (max-width: 399px) 100vw, 399px\" \/><\/a><\/p>\n<p><span style=\"color: #008000\">El 29 de octubre de 1974 nace en Zemun (Serbia) Albert Nadj, quien fuera jugador del Real Betis Balompi\u00e9 entre los a\u00f1os 1996 y 1999.<\/span><\/p>\n<p><span style=\"color: #008000\">Nadj lleg\u00f3 al Betis con 22 a\u00f1os procedente del Partiz\u00e1n de Belgrado, y con una muy buena fama como jugador internacional y como centrocampista batallador pero con calidad t\u00e9cnica. En su \u00faltima campa\u00f1a fue cedido al Real Oviedo.<\/span><\/p>\n<p><span style=\"color: #008000\">Jug\u00f3 con el Betis 55 partidos de Liga, haciendo 1 gol, 9 de Copa, 3 de la Recopa y 14 amistosos.<\/span><\/p>\n","protected":false},"excerpt":{"rendered":"<p>El 29 de octubre de 1974 nace en Zemun (Serbia) Albert Nadj, quien fuera jugador del Real Betis Balompi\u00e9 entre los a\u00f1os 1996 y 1999. Nadj lleg\u00f3 al Betis con 22 a\u00f1os procedente del Partiz\u00e1n de Belgrado, y con una muy buena fama como jugador internacional y como centrocampista batallador pero con calidad t\u00e9cnica. En&#8230;<\/p>\n","protected":false},"author":5,"featured_media":70807,"comment_status":"open","ping_status":"open","sticky":false,"template":"","format":"standard","meta":{"_kad_post_transparent":"","_kad_post_title":"","_kad_post_layout":"","_kad_post_sidebar_id":"","_kad_post_content_style":"","_kad_post_vertical_padding":"","_kad_post_feature":"","_kad_post_feature_position":"","_kad_post_header":false,"_kad_post_footer":false,"_kad_post_classname":"","_jetpack_memberships_contains_paid_content":false,"footnotes":"","jetpack_publicize_message":"","jetpack_publicize_feature_enabled":true,"jetpack_social_post_already_shared":true,"jetpack_social_options":{"image_generator_settings":{"template":"highway","default_image_id":0,"font":"","enabled":false},"version":2}},"categories":[903,14583,1],"tags":[2479],"class_list":["post-70805","post","type-post","status-publish","format-standard","has-post-thumbnail","hentry","category-1970-1979","category-efemerides","category-portada","tag-albert-nadj"],"jetpack_publicize_connections":[],"jetpack_featured_media_url":"https:\/\/i0.wp.com\/www.manquepierda.com\/historiarealbetis\/files\/2019\/10\/29-1974-Nace-Albert-Nadj.jpg?fit=399%2C463&ssl=1","jetpack_sharing_enabled":true,"jetpack_shortlink":"https:\/\/wp.me\/p1ij08-iq1","jetpack-related-posts":[],"_links":{"self":[{"href":"https:\/\/www.manquepierda.com\/historiarealbetis\/wp-json\/wp\/v2\/posts\/70805","targetHints":{"allow":["GET"]}}],"collection":[{"href":"https:\/\/www.manquepierda.com\/historiarealbetis\/wp-json\/wp\/v2\/posts"}],"about":[{"href":"https:\/\/www.manquepierda.com\/historiarealbetis\/wp-json\/wp\/v2\/types\/post"}],"author":[{"embeddable":true,"href":"https:\/\/www.manquepierda.com\/historiarealbetis\/wp-json\/wp\/v2\/users\/5"}],"replies":[{"embeddable":true,"href":"https:\/\/www.manquepierda.com\/historiarealbetis\/wp-json\/wp\/v2\/comments?post=70805"}],"version-history":[{"count":2,"href":"https:\/\/www.manquepierda.com\/historiarealbetis\/wp-json\/wp\/v2\/posts\/70805\/revisions"}],"predecessor-version":[{"id":99643,"href":"https:\/\/www.manquepierda.com\/historiarealbetis\/wp-json\/wp\/v2\/posts\/70805\/revisions\/99643"}],"wp:featuredmedia":[{"embeddable":true,"href":"https:\/\/www.manquepierda.com\/historiarealbetis\/wp-json\/wp\/v2\/media\/70807"}],"wp:attachment":[{"href":"https:\/\/www.manquepierda.com\/historiarealbetis\/wp-json\/wp\/v2\/media?parent=70805"}],"wp:term":[{"taxonomy":"category","embeddable":true,"href":"https:\/\/www.manquepierda.com\/historiarealbetis\/wp-json\/wp\/v2\/categories?post=70805"},{"taxonomy":"post_tag","embeddable":true,"href":"https:\/\/www.manquepierda.com\/historiarealbetis\/wp-json\/wp\/v2\/tags?post=70805"}],"curies":[{"name":"wp","href":"https:\/\/api.w.org\/{rel}","templated":true}]}}