{"id":71353,"date":"2024-11-11T12:00:00","date_gmt":"2024-11-11T11:00:00","guid":{"rendered":"http:\/\/www.manquepierda.com\/historiarealbetis\/?p=71353"},"modified":"2024-10-19T13:21:46","modified_gmt":"2024-10-19T11:21:46","slug":"hoy-hace-40-anos-debut-oficial-de-jose-carlos-tello","status":"publish","type":"post","link":"https:\/\/www.manquepierda.com\/historiarealbetis\/hoy-hace-40-anos-debut-oficial-de-jose-carlos-tello\/","title":{"rendered":"Hoy hace 45 a\u00f1os. Debut oficial de Jos\u00e9 Carlos Tello."},"content":{"rendered":"<p><a href=\"https:\/\/i0.wp.com\/www.manquepierda.com\/historiarealbetis\/files\/2019\/10\/11-1979-Debut-de-Tello.jpg?ssl=1\"><img data-recalc-dims=\"1\" loading=\"lazy\" decoding=\"async\" class=\"aligncenter size-full wp-image-71354\" src=\"https:\/\/i0.wp.com\/www.manquepierda.com\/historiarealbetis\/files\/2019\/10\/11-1979-Debut-de-Tello.jpg?resize=273%2C344&#038;ssl=1\" alt=\"\" width=\"273\" height=\"344\" srcset=\"https:\/\/i0.wp.com\/www.manquepierda.com\/historiarealbetis\/files\/2019\/10\/11-1979-Debut-de-Tello.jpg?w=273&amp;ssl=1 273w, https:\/\/i0.wp.com\/www.manquepierda.com\/historiarealbetis\/files\/2019\/10\/11-1979-Debut-de-Tello.jpg?resize=175%2C220&amp;ssl=1 175w\" sizes=\"auto, (max-width: 273px) 100vw, 273px\" \/><\/a><\/p>\n<p><span style=\"color: #008000\">El 11 de noviembre de 1979 debuta en partido oficial con el Real Betis Balompi\u00e9 Jos\u00e9 Carlos Fern\u00e1ndez Tello, en el partido de Liga de Primera Divisi\u00f3n de la jornada 9 que enfrenta en el Rico P\u00e9rez a H\u00e9rcules y Betis.<\/span><\/p>\n<p><span style=\"color: #008000\">Cuando Tello debut\u00f3 con el Betis ten\u00eda 20 a\u00f1os y proced\u00eda del filial verdiblanco, aunque en la temporada anterior hab\u00eda jugado cedido en el Calvo Sotelo.<\/span><\/p>\n","protected":false},"excerpt":{"rendered":"<p>El 11 de noviembre de 1979 debuta en partido oficial con el Real Betis Balompi\u00e9 Jos\u00e9 Carlos Fern\u00e1ndez Tello, en el partido de Liga de Primera Divisi\u00f3n de la jornada 9 que enfrenta en el Rico P\u00e9rez a H\u00e9rcules y Betis. Cuando Tello debut\u00f3 con el Betis ten\u00eda 20 a\u00f1os y proced\u00eda del filial verdiblanco,&#8230;<\/p>\n","protected":false},"author":5,"featured_media":71354,"comment_status":"open","ping_status":"open","sticky":false,"template":"","format":"standard","meta":{"_kad_post_transparent":"","_kad_post_title":"","_kad_post_layout":"","_kad_post_sidebar_id":"","_kad_post_content_style":"","_kad_post_vertical_padding":"","_kad_post_feature":"","_kad_post_feature_position":"","_kad_post_header":false,"_kad_post_footer":false,"_kad_post_classname":"","_jetpack_memberships_contains_paid_content":false,"footnotes":"","jetpack_publicize_message":"","jetpack_publicize_feature_enabled":true,"jetpack_social_post_already_shared":true,"jetpack_social_options":{"image_generator_settings":{"template":"highway","default_image_id":0,"font":"","enabled":false},"version":2}},"categories":[903,14583,1],"tags":[1033,1471,17978],"class_list":["post-71353","post","type-post","status-publish","format-standard","has-post-thumbnail","hentry","category-1970-1979","category-efemerides","category-portada","tag-1033","tag-jose-carlos-fernandez-tello","tag-liga-primera-1979-80"],"jetpack_publicize_connections":[],"jetpack_featured_media_url":"https:\/\/i0.wp.com\/www.manquepierda.com\/historiarealbetis\/files\/2019\/10\/11-1979-Debut-de-Tello.jpg?fit=273%2C344&ssl=1","jetpack_sharing_enabled":true,"jetpack_shortlink":"https:\/\/wp.me\/p1ij08-iyR","jetpack-related-posts":[],"_links":{"self":[{"href":"https:\/\/www.manquepierda.com\/historiarealbetis\/wp-json\/wp\/v2\/posts\/71353","targetHints":{"allow":["GET"]}}],"collection":[{"href":"https:\/\/www.manquepierda.com\/historiarealbetis\/wp-json\/wp\/v2\/posts"}],"about":[{"href":"https:\/\/www.manquepierda.com\/historiarealbetis\/wp-json\/wp\/v2\/types\/post"}],"author":[{"embeddable":true,"href":"https:\/\/www.manquepierda.com\/historiarealbetis\/wp-json\/wp\/v2\/users\/5"}],"replies":[{"embeddable":true,"href":"https:\/\/www.manquepierda.com\/historiarealbetis\/wp-json\/wp\/v2\/comments?post=71353"}],"version-history":[{"count":3,"href":"https:\/\/www.manquepierda.com\/historiarealbetis\/wp-json\/wp\/v2\/posts\/71353\/revisions"}],"predecessor-version":[{"id":100387,"href":"https:\/\/www.manquepierda.com\/historiarealbetis\/wp-json\/wp\/v2\/posts\/71353\/revisions\/100387"}],"wp:featuredmedia":[{"embeddable":true,"href":"https:\/\/www.manquepierda.com\/historiarealbetis\/wp-json\/wp\/v2\/media\/71354"}],"wp:attachment":[{"href":"https:\/\/www.manquepierda.com\/historiarealbetis\/wp-json\/wp\/v2\/media?parent=71353"}],"wp:term":[{"taxonomy":"category","embeddable":true,"href":"https:\/\/www.manquepierda.com\/historiarealbetis\/wp-json\/wp\/v2\/categories?post=71353"},{"taxonomy":"post_tag","embeddable":true,"href":"https:\/\/www.manquepierda.com\/historiarealbetis\/wp-json\/wp\/v2\/tags?post=71353"}],"curies":[{"name":"wp","href":"https:\/\/api.w.org\/{rel}","templated":true}]}}