{"id":71390,"date":"2024-11-17T12:00:00","date_gmt":"2024-11-17T11:00:00","guid":{"rendered":"http:\/\/www.manquepierda.com\/historiarealbetis\/?p=71390"},"modified":"2024-10-19T13:22:22","modified_gmt":"2024-10-19T11:22:22","slug":"hoy-hace-100-anos-nace-francisco-gene","status":"publish","type":"post","link":"https:\/\/www.manquepierda.com\/historiarealbetis\/hoy-hace-100-anos-nace-francisco-gene\/","title":{"rendered":"Hoy hace 105 a\u00f1os. Nace Francisco Gen\u00e9."},"content":{"rendered":"<p><a href=\"https:\/\/i0.wp.com\/www.manquepierda.com\/historiarealbetis\/files\/2019\/10\/17-1919-Nace-Gen%C3%A9.jpg?ssl=1\"><img data-recalc-dims=\"1\" loading=\"lazy\" decoding=\"async\" class=\"aligncenter size-full wp-image-71391\" src=\"https:\/\/i0.wp.com\/www.manquepierda.com\/historiarealbetis\/files\/2019\/10\/17-1919-Nace-Gen%C3%A9.jpg?resize=251%2C336&#038;ssl=1\" alt=\"\" width=\"251\" height=\"336\" srcset=\"https:\/\/i0.wp.com\/www.manquepierda.com\/historiarealbetis\/files\/2019\/10\/17-1919-Nace-Gen%C3%A9.jpg?w=251&amp;ssl=1 251w, https:\/\/i0.wp.com\/www.manquepierda.com\/historiarealbetis\/files\/2019\/10\/17-1919-Nace-Gen%C3%A9.jpg?resize=164%2C220&amp;ssl=1 164w\" sizes=\"auto, (max-width: 251px) 100vw, 251px\" \/><\/a><\/p>\n<p><span style=\"color: #008000\">El 17 de noviembre de 1919 nace en Barcelona Francico Gen\u00e9 Amar\u00e9, quien fuera jugador del Real Betis Balompi\u00e9 entre 1945 y 1948.<\/span><\/p>\n<p><span style=\"color: #008000\">Delantero que lleg\u00f3 desde el Real Oviedo y que intervino en 57 partidos de Liga, 5 de Copa y 12 de diversas competiciones regionales, adem\u00e1s de 16 amistosos.<\/span><\/p>\n","protected":false},"excerpt":{"rendered":"<p>El 17 de noviembre de 1919 nace en Barcelona Francico Gen\u00e9 Amar\u00e9, quien fuera jugador del Real Betis Balompi\u00e9 entre 1945 y 1948. Delantero que lleg\u00f3 desde el Real Oviedo y que intervino en 57 partidos de Liga, 5 de Copa y 12 de diversas competiciones regionales, adem\u00e1s de 16 amistosos.<\/p>\n","protected":false},"author":5,"featured_media":71391,"comment_status":"open","ping_status":"open","sticky":false,"template":"","format":"standard","meta":{"_kad_post_transparent":"","_kad_post_title":"","_kad_post_layout":"","_kad_post_sidebar_id":"","_kad_post_content_style":"","_kad_post_vertical_padding":"","_kad_post_feature":"","_kad_post_feature_position":"","_kad_post_header":false,"_kad_post_footer":false,"_kad_post_classname":"","_jetpack_memberships_contains_paid_content":false,"footnotes":"","jetpack_publicize_message":"","jetpack_publicize_feature_enabled":true,"jetpack_social_post_already_shared":true,"jetpack_social_options":{"image_generator_settings":{"template":"highway","default_image_id":0,"font":"","enabled":false},"version":2}},"categories":[896,14583,1],"tags":[2041],"class_list":["post-71390","post","type-post","status-publish","format-standard","has-post-thumbnail","hentry","category-1908-1919","category-efemerides","category-portada","tag-francisco-gene"],"jetpack_publicize_connections":[],"jetpack_featured_media_url":"https:\/\/i0.wp.com\/www.manquepierda.com\/historiarealbetis\/files\/2019\/10\/17-1919-Nace-Gen%C3%A9.jpg?fit=251%2C336&ssl=1","jetpack_sharing_enabled":true,"jetpack_shortlink":"https:\/\/wp.me\/p1ij08-izs","jetpack-related-posts":[],"_links":{"self":[{"href":"https:\/\/www.manquepierda.com\/historiarealbetis\/wp-json\/wp\/v2\/posts\/71390","targetHints":{"allow":["GET"]}}],"collection":[{"href":"https:\/\/www.manquepierda.com\/historiarealbetis\/wp-json\/wp\/v2\/posts"}],"about":[{"href":"https:\/\/www.manquepierda.com\/historiarealbetis\/wp-json\/wp\/v2\/types\/post"}],"author":[{"embeddable":true,"href":"https:\/\/www.manquepierda.com\/historiarealbetis\/wp-json\/wp\/v2\/users\/5"}],"replies":[{"embeddable":true,"href":"https:\/\/www.manquepierda.com\/historiarealbetis\/wp-json\/wp\/v2\/comments?post=71390"}],"version-history":[{"count":2,"href":"https:\/\/www.manquepierda.com\/historiarealbetis\/wp-json\/wp\/v2\/posts\/71390\/revisions"}],"predecessor-version":[{"id":100397,"href":"https:\/\/www.manquepierda.com\/historiarealbetis\/wp-json\/wp\/v2\/posts\/71390\/revisions\/100397"}],"wp:featuredmedia":[{"embeddable":true,"href":"https:\/\/www.manquepierda.com\/historiarealbetis\/wp-json\/wp\/v2\/media\/71391"}],"wp:attachment":[{"href":"https:\/\/www.manquepierda.com\/historiarealbetis\/wp-json\/wp\/v2\/media?parent=71390"}],"wp:term":[{"taxonomy":"category","embeddable":true,"href":"https:\/\/www.manquepierda.com\/historiarealbetis\/wp-json\/wp\/v2\/categories?post=71390"},{"taxonomy":"post_tag","embeddable":true,"href":"https:\/\/www.manquepierda.com\/historiarealbetis\/wp-json\/wp\/v2\/tags?post=71390"}],"curies":[{"name":"wp","href":"https:\/\/api.w.org\/{rel}","templated":true}]}}