{"id":7180,"date":"2010-12-25T20:37:53","date_gmt":"2010-12-25T19:37:53","guid":{"rendered":"http:\/\/www.manquepierda.com\/?p=7180"},"modified":"2024-10-03T08:28:06","modified_gmt":"2024-10-03T06:28:06","slug":"alineacion-sevilla-betis-regional-1939","status":"publish","type":"post","link":"https:\/\/www.manquepierda.com\/historiarealbetis\/alineacion-sevilla-betis-regional-1939\/","title":{"rendered":"Alineaci\u00f3n Sevilla-Betis Campeonato Andaluc\u00eda 1939"},"content":{"rendered":"<p>&nbsp;<\/p>\n<figure id=\"attachment_25746\" aria-describedby=\"caption-attachment-25746\" style=\"width: 610px\" class=\"wp-caption aligncenter\"><a href=\"https:\/\/www.manquepierda.com\/historiarealbetis\/7180-alineacion-sevilla-betis-regional-1939\/alineacion-sevilla-betis-campeonato-andalucia-1939-nmp-marca-25-10-1939\/\" rel=\"attachment wp-att-25746\"><img data-recalc-dims=\"1\" loading=\"lazy\" decoding=\"async\" class=\" wp-image-25746 \" src=\"https:\/\/i0.wp.com\/www.manquepierda.com\/historiarealbetis\/files\/2010\/12\/Alineaci%C3%B3n-Sevilla-Betis-Campeonato-Andaluc%C3%ADa-1939-NMP-Marca-25-10-1939.jpg?resize=610%2C408&#038;ssl=1\" alt=\"Fuente: Marca 25 de octubre de 1939\" width=\"610\" height=\"408\" srcset=\"https:\/\/i0.wp.com\/www.manquepierda.com\/historiarealbetis\/files\/2010\/12\/Alineaci%C3%B3n-Sevilla-Betis-Campeonato-Andaluc%C3%ADa-1939-NMP-Marca-25-10-1939.jpg?w=1016&amp;ssl=1 1016w, https:\/\/i0.wp.com\/www.manquepierda.com\/historiarealbetis\/files\/2010\/12\/Alineaci%C3%B3n-Sevilla-Betis-Campeonato-Andaluc%C3%ADa-1939-NMP-Marca-25-10-1939.jpg?resize=300%2C200&amp;ssl=1 300w\" sizes=\"auto, (max-width: 610px) 100vw, 610px\" \/><\/a><figcaption id=\"caption-attachment-25746\" class=\"wp-caption-text\">Fuente: Marca 25 de octubre de 1939<\/figcaption><\/figure>\n<p>Alineaci\u00f3n del Betis en el Sevilla 5\u00a0 Betis 0 disputado en Nervi\u00f3n el 15 de Octubre de 1939, en la jornada 6 del Campeonato Regional de Andaluc\u00eda.<\/p>\n<p>En la imagen b\u00e9tica arriba: Saro, Fern\u00e1ndez, Tomas\u00edn, Paquirri, Su\u00e1rez, Peral y Valera; abajo: Caballero, Aurelio, Angelito y Prieto<\/p>\n","protected":false},"excerpt":{"rendered":"<p>&nbsp; Alineaci\u00f3n del Betis en el Sevilla 5\u00a0 Betis 0 disputado en Nervi\u00f3n el 15 de Octubre de 1939, en la jornada 6 del Campeonato Regional de Andaluc\u00eda. En la imagen b\u00e9tica arriba: Saro, Fern\u00e1ndez, Tomas\u00edn, Paquirri, Su\u00e1rez, Peral y Valera; abajo: Caballero, Aurelio, Angelito y Prieto<\/p>\n","protected":false},"author":5,"featured_media":25746,"comment_status":"open","ping_status":"open","sticky":false,"template":"","format":"standard","meta":{"_kad_post_transparent":"","_kad_post_title":"","_kad_post_layout":"","_kad_post_sidebar_id":"","_kad_post_content_style":"","_kad_post_vertical_padding":"","_kad_post_feature":"","_kad_post_feature_position":"","_kad_post_header":false,"_kad_post_footer":false,"_kad_post_classname":"","_jetpack_memberships_contains_paid_content":false,"footnotes":"","jetpack_publicize_message":"","jetpack_publicize_feature_enabled":true,"jetpack_social_post_already_shared":false,"jetpack_social_options":{"image_generator_settings":{"template":"highway","default_image_id":0,"font":"","enabled":false},"version":2}},"categories":[899,1],"tags":[47,2476,5562,1057,109,1407,17875,1575,1528,1182,17913,18497,2020,2382,916],"class_list":["post-7180","post","type-post","status-publish","format-standard","has-post-thumbnail","hentry","category-1930-1939","category-portada","tag-47","tag-1939-40","tag-angel-belmonte-angelito","tag-angel-martin-saro","tag-antonio-fernandez","tag-aurelio-navarro","tag-campeonato-de-andalucia-1939-40","tag-francisco-gonzalez-paquirri","tag-francisco-suarez","tag-jose-caballero","tag-jose-suarez-peral","tag-lutgardo-prieto","tag-pepe-valera","tag-rafael-holguin-tomasin","tag-sevilla-fc"],"jetpack_publicize_connections":[],"jetpack_featured_media_url":"https:\/\/i0.wp.com\/www.manquepierda.com\/historiarealbetis\/files\/2010\/12\/Alineaci%C3%B3n-Sevilla-Betis-Campeonato-Andaluc%C3%ADa-1939-NMP-Marca-25-10-1939.jpg?fit=1016%2C680&ssl=1","jetpack_sharing_enabled":true,"jetpack_shortlink":"https:\/\/wp.me\/p1ij08-1RO","jetpack-related-posts":[],"_links":{"self":[{"href":"https:\/\/www.manquepierda.com\/historiarealbetis\/wp-json\/wp\/v2\/posts\/7180","targetHints":{"allow":["GET"]}}],"collection":[{"href":"https:\/\/www.manquepierda.com\/historiarealbetis\/wp-json\/wp\/v2\/posts"}],"about":[{"href":"https:\/\/www.manquepierda.com\/historiarealbetis\/wp-json\/wp\/v2\/types\/post"}],"author":[{"embeddable":true,"href":"https:\/\/www.manquepierda.com\/historiarealbetis\/wp-json\/wp\/v2\/users\/5"}],"replies":[{"embeddable":true,"href":"https:\/\/www.manquepierda.com\/historiarealbetis\/wp-json\/wp\/v2\/comments?post=7180"}],"version-history":[{"count":1,"href":"https:\/\/www.manquepierda.com\/historiarealbetis\/wp-json\/wp\/v2\/posts\/7180\/revisions"}],"predecessor-version":[{"id":96101,"href":"https:\/\/www.manquepierda.com\/historiarealbetis\/wp-json\/wp\/v2\/posts\/7180\/revisions\/96101"}],"wp:featuredmedia":[{"embeddable":true,"href":"https:\/\/www.manquepierda.com\/historiarealbetis\/wp-json\/wp\/v2\/media\/25746"}],"wp:attachment":[{"href":"https:\/\/www.manquepierda.com\/historiarealbetis\/wp-json\/wp\/v2\/media?parent=7180"}],"wp:term":[{"taxonomy":"category","embeddable":true,"href":"https:\/\/www.manquepierda.com\/historiarealbetis\/wp-json\/wp\/v2\/categories?post=7180"},{"taxonomy":"post_tag","embeddable":true,"href":"https:\/\/www.manquepierda.com\/historiarealbetis\/wp-json\/wp\/v2\/tags?post=7180"}],"curies":[{"name":"wp","href":"https:\/\/api.w.org\/{rel}","templated":true}]}}