{"id":71926,"date":"2019-11-22T09:12:26","date_gmt":"2019-11-22T08:12:26","guid":{"rendered":"http:\/\/www.manquepierda.com\/historiarealbetis\/?p=71926"},"modified":"2024-08-30T23:57:01","modified_gmt":"2024-08-30T21:57:01","slug":"alineacion-betis-valencia-liga-1972","status":"publish","type":"post","link":"https:\/\/www.manquepierda.com\/historiarealbetis\/alineacion-betis-valencia-liga-1972\/","title":{"rendered":"Alineaci\u00f3n Betis-Valencia Liga 1972"},"content":{"rendered":"<p><a href=\"https:\/\/i0.wp.com\/www.manquepierda.com\/historiarealbetis\/files\/2019\/11\/Alineaci%C3%B3n-Betis-Valencia-Liga-1972.jpg?ssl=1\"><img data-recalc-dims=\"1\" loading=\"lazy\" decoding=\"async\" class=\"aligncenter size-medium wp-image-71927\" src=\"https:\/\/i0.wp.com\/www.manquepierda.com\/historiarealbetis\/files\/2019\/11\/Alineaci%C3%B3n-Betis-Valencia-Liga-1972.jpg?resize=680%2C405&#038;ssl=1\" alt=\"\" width=\"680\" height=\"405\" srcset=\"https:\/\/i0.wp.com\/www.manquepierda.com\/historiarealbetis\/files\/2019\/11\/Alineaci%C3%B3n-Betis-Valencia-Liga-1972.jpg?resize=680%2C405&amp;ssl=1 680w, https:\/\/i0.wp.com\/www.manquepierda.com\/historiarealbetis\/files\/2019\/11\/Alineaci%C3%B3n-Betis-Valencia-Liga-1972.jpg?resize=220%2C131&amp;ssl=1 220w, https:\/\/i0.wp.com\/www.manquepierda.com\/historiarealbetis\/files\/2019\/11\/Alineaci%C3%B3n-Betis-Valencia-Liga-1972.jpg?w=726&amp;ssl=1 726w\" sizes=\"auto, (max-width: 680px) 100vw, 680px\" \/><\/a><\/p>\n<p>20 de febrero de 1972 en el Villamar\u00edn Betis 1 Valencia 0;\u00a0 jornada 22 del Campeonato de Liga de Primera Divisi\u00f3n.<\/p>\n<p>En la imagen arriba Campos, Frigols, Telech\u00eda, Ir\u00edzar, Biosca y Bizcocho; abajo Macario, Gonz\u00e1lez, L\u00f3pez, Rogelio y Ben\u00edtez.<\/p>\n<p>Los jugadores portan brazalete negro por el fallecimiento de Vicente Peris Lozar, gerente del club valencianista.<\/p>\n<p>Rogelio en el minuto 22 fue el autor del \u00fanico tanto del partido, claramente dominado por los verdiblancos.<\/p>\n<p>Ferenc Szusza entrenaba al Betis y Alfredo Di St\u00e9fano al Valencia.<\/p>\n<p>&nbsp;<\/p>\n","protected":false},"excerpt":{"rendered":"<p>20 de febrero de 1972 en el Villamar\u00edn Betis 1 Valencia 0;\u00a0 jornada 22 del Campeonato de Liga de Primera Divisi\u00f3n. En la imagen arriba Campos, Frigols, Telech\u00eda, Ir\u00edzar, Biosca y Bizcocho; abajo Macario, Gonz\u00e1lez, L\u00f3pez, Rogelio y Ben\u00edtez. Los jugadores portan brazalete negro por el fallecimiento de Vicente Peris Lozar, gerente del club valencianista&#8230;.<\/p>\n","protected":false},"author":5,"featured_media":71927,"comment_status":"open","ping_status":"open","sticky":false,"template":"","format":"standard","meta":{"_kad_post_transparent":"","_kad_post_title":"","_kad_post_layout":"","_kad_post_sidebar_id":"","_kad_post_content_style":"","_kad_post_vertical_padding":"","_kad_post_feature":"","_kad_post_feature_position":"","_kad_post_header":false,"_kad_post_footer":false,"_kad_post_classname":"","_jetpack_memberships_contains_paid_content":false,"footnotes":"","jetpack_publicize_message":"","jetpack_publicize_feature_enabled":true,"jetpack_social_post_already_shared":true,"jetpack_social_options":{"image_generator_settings":{"template":"highway","default_image_id":0,"font":"","enabled":false},"version":2}},"categories":[903,1],"tags":[2317,1091,1120,1157,1245,2457,2086,1178,2319,17892,1303,1619,1040,1396,2285],"class_list":["post-71926","post","type-post","status-publish","format-standard","has-post-thumbnail","hentry","category-1970-1979","category-portada","tag-1971-72","tag-1091","tag-antonio-benitez","tag-antonio-biosca","tag-francisco-bizcocho","tag-francisco-frigols","tag-francisco-telechia","tag-javier-lopez","tag-jesus-maria-irizar","tag-liga-primera-1971-72","tag-manuel-campos","tag-manuel-perez-macario","tag-pepe-gonzalez","tag-rogelio-sosa","tag-valencia-cf"],"jetpack_publicize_connections":[],"jetpack_featured_media_url":"https:\/\/i0.wp.com\/www.manquepierda.com\/historiarealbetis\/files\/2019\/11\/Alineaci%C3%B3n-Betis-Valencia-Liga-1972.jpg?fit=726%2C432&ssl=1","jetpack_sharing_enabled":true,"jetpack_shortlink":"https:\/\/wp.me\/p1ij08-iI6","jetpack-related-posts":[],"_links":{"self":[{"href":"https:\/\/www.manquepierda.com\/historiarealbetis\/wp-json\/wp\/v2\/posts\/71926","targetHints":{"allow":["GET"]}}],"collection":[{"href":"https:\/\/www.manquepierda.com\/historiarealbetis\/wp-json\/wp\/v2\/posts"}],"about":[{"href":"https:\/\/www.manquepierda.com\/historiarealbetis\/wp-json\/wp\/v2\/types\/post"}],"author":[{"embeddable":true,"href":"https:\/\/www.manquepierda.com\/historiarealbetis\/wp-json\/wp\/v2\/users\/5"}],"replies":[{"embeddable":true,"href":"https:\/\/www.manquepierda.com\/historiarealbetis\/wp-json\/wp\/v2\/comments?post=71926"}],"version-history":[{"count":1,"href":"https:\/\/www.manquepierda.com\/historiarealbetis\/wp-json\/wp\/v2\/posts\/71926\/revisions"}],"predecessor-version":[{"id":96427,"href":"https:\/\/www.manquepierda.com\/historiarealbetis\/wp-json\/wp\/v2\/posts\/71926\/revisions\/96427"}],"wp:featuredmedia":[{"embeddable":true,"href":"https:\/\/www.manquepierda.com\/historiarealbetis\/wp-json\/wp\/v2\/media\/71927"}],"wp:attachment":[{"href":"https:\/\/www.manquepierda.com\/historiarealbetis\/wp-json\/wp\/v2\/media?parent=71926"}],"wp:term":[{"taxonomy":"category","embeddable":true,"href":"https:\/\/www.manquepierda.com\/historiarealbetis\/wp-json\/wp\/v2\/categories?post=71926"},{"taxonomy":"post_tag","embeddable":true,"href":"https:\/\/www.manquepierda.com\/historiarealbetis\/wp-json\/wp\/v2\/tags?post=71926"}],"curies":[{"name":"wp","href":"https:\/\/api.w.org\/{rel}","templated":true}]}}