{"id":72009,"date":"2024-12-01T12:00:00","date_gmt":"2024-12-01T11:00:00","guid":{"rendered":"http:\/\/www.manquepierda.com\/historiarealbetis\/?p=72009"},"modified":"2024-10-19T13:23:56","modified_gmt":"2024-10-19T11:23:56","slug":"hoy-hace-45-anos-athletic-0-betis-1","status":"publish","type":"post","link":"https:\/\/www.manquepierda.com\/historiarealbetis\/hoy-hace-45-anos-athletic-0-betis-1\/","title":{"rendered":"Hoy hace 50 a\u00f1os. Athletic 0 Betis 1."},"content":{"rendered":"<p><a href=\"https:\/\/i0.wp.com\/www.manquepierda.com\/historiarealbetis\/files\/2019\/11\/1-1974-Athletic-0-Betis-1-.jpg?ssl=1\"><img data-recalc-dims=\"1\" loading=\"lazy\" decoding=\"async\" class=\"aligncenter size-medium wp-image-72010\" src=\"https:\/\/i0.wp.com\/www.manquepierda.com\/historiarealbetis\/files\/2019\/11\/1-1974-Athletic-0-Betis-1-.jpg?resize=680%2C264&#038;ssl=1\" alt=\"\" width=\"680\" height=\"264\" srcset=\"https:\/\/i0.wp.com\/www.manquepierda.com\/historiarealbetis\/files\/2019\/11\/1-1974-Athletic-0-Betis-1-.jpg?resize=680%2C264&amp;ssl=1 680w, https:\/\/i0.wp.com\/www.manquepierda.com\/historiarealbetis\/files\/2019\/11\/1-1974-Athletic-0-Betis-1-.jpg?resize=220%2C86&amp;ssl=1 220w, https:\/\/i0.wp.com\/www.manquepierda.com\/historiarealbetis\/files\/2019\/11\/1-1974-Athletic-0-Betis-1-.jpg?w=751&amp;ssl=1 751w\" sizes=\"auto, (max-width: 680px) 100vw, 680px\" \/><\/a><\/p>\n<p><span style=\"color: #008000\">El 1 de diciembre de 1974 el Betis se impone 0-1 al Athletic en San Mam\u00e9s en partido de la jornada 10 del Campeonato de Liga de Primera Divisi\u00f3n.<\/span><\/p>\n<p><span style=\"color: #008000\">El \u00fanico tanto del partido lo obtuvo Carde\u00f1osa en el minuto 59 al rematar raso y cruzado ante la salida de Ir\u00edbar. A falta de 3 minutos para el final del partido Jos\u00e9 Ram\u00f3n Esnaola le detuvo un penalti al bilba\u00edno Angel Mar\u00eda Villar.<\/span><\/p>\n<p><span style=\"color: #008000\">El Athletic, entrenado por Rafael Iriondo, aline\u00f3 a Ir\u00edbar; Escalza, Guisasola (67, Mart\u00edn), Astrain, Madariaga; Villar, Rojo II, Amorrortu; Dani, Carlos y Lasa (64, Igartua).<\/span><\/p>\n<p><span style=\"color: #008000\">El Betis, dirigido por Ferenc Szusza, form\u00f3 con Esnaola; Bizcocho, Biosca, Sabat\u00e9, Cobo; L\u00f3pez, Alabanda, Carde\u00f1osa; Del Pozo, Mendieta y Rogelio.&nbsp;<\/span><\/p>\n","protected":false},"excerpt":{"rendered":"<p>El 1 de diciembre de 1974 el Betis se impone 0-1 al Athletic en San Mam\u00e9s en partido de la jornada 10 del Campeonato de Liga de Primera Divisi\u00f3n. El \u00fanico tanto del partido lo obtuvo Carde\u00f1osa en el minuto 59 al rematar raso y cruzado ante la salida de Ir\u00edbar. A falta de 3&#8230;<\/p>\n","protected":false},"author":5,"featured_media":72010,"comment_status":"open","ping_status":"open","sticky":false,"template":"","format":"standard","meta":{"_kad_post_transparent":"","_kad_post_title":"","_kad_post_layout":"","_kad_post_sidebar_id":"","_kad_post_content_style":"","_kad_post_vertical_padding":"","_kad_post_feature":"","_kad_post_feature_position":"","_kad_post_header":false,"_kad_post_footer":false,"_kad_post_classname":"","_jetpack_memberships_contains_paid_content":false,"footnotes":"","jetpack_publicize_message":"","jetpack_publicize_feature_enabled":true,"jetpack_social_post_already_shared":true,"jetpack_social_options":{"image_generator_settings":{"template":"highway","default_image_id":0,"font":"","enabled":false},"version":2}},"categories":[903,14583,1],"tags":[57,124,17877],"class_list":["post-72009","post","type-post","status-publish","format-standard","has-post-thumbnail","hentry","category-1970-1979","category-efemerides","category-portada","tag-57","tag-athletic-club","tag-liga-primera-1974-75"],"jetpack_publicize_connections":[],"jetpack_featured_media_url":"https:\/\/i0.wp.com\/www.manquepierda.com\/historiarealbetis\/files\/2019\/11\/1-1974-Athletic-0-Betis-1-.jpg?fit=751%2C292&ssl=1","jetpack_sharing_enabled":true,"jetpack_shortlink":"https:\/\/wp.me\/p1ij08-iJr","jetpack-related-posts":[],"_links":{"self":[{"href":"https:\/\/www.manquepierda.com\/historiarealbetis\/wp-json\/wp\/v2\/posts\/72009","targetHints":{"allow":["GET"]}}],"collection":[{"href":"https:\/\/www.manquepierda.com\/historiarealbetis\/wp-json\/wp\/v2\/posts"}],"about":[{"href":"https:\/\/www.manquepierda.com\/historiarealbetis\/wp-json\/wp\/v2\/types\/post"}],"author":[{"embeddable":true,"href":"https:\/\/www.manquepierda.com\/historiarealbetis\/wp-json\/wp\/v2\/users\/5"}],"replies":[{"embeddable":true,"href":"https:\/\/www.manquepierda.com\/historiarealbetis\/wp-json\/wp\/v2\/comments?post=72009"}],"version-history":[{"count":2,"href":"https:\/\/www.manquepierda.com\/historiarealbetis\/wp-json\/wp\/v2\/posts\/72009\/revisions"}],"predecessor-version":[{"id":100412,"href":"https:\/\/www.manquepierda.com\/historiarealbetis\/wp-json\/wp\/v2\/posts\/72009\/revisions\/100412"}],"wp:featuredmedia":[{"embeddable":true,"href":"https:\/\/www.manquepierda.com\/historiarealbetis\/wp-json\/wp\/v2\/media\/72010"}],"wp:attachment":[{"href":"https:\/\/www.manquepierda.com\/historiarealbetis\/wp-json\/wp\/v2\/media?parent=72009"}],"wp:term":[{"taxonomy":"category","embeddable":true,"href":"https:\/\/www.manquepierda.com\/historiarealbetis\/wp-json\/wp\/v2\/categories?post=72009"},{"taxonomy":"post_tag","embeddable":true,"href":"https:\/\/www.manquepierda.com\/historiarealbetis\/wp-json\/wp\/v2\/tags?post=72009"}],"curies":[{"name":"wp","href":"https:\/\/api.w.org\/{rel}","templated":true}]}}