{"id":72157,"date":"2020-12-07T10:30:09","date_gmt":"2020-12-07T09:30:09","guid":{"rendered":"http:\/\/www.manquepierda.com\/historiarealbetis\/?p=72157"},"modified":"2024-08-14T17:23:31","modified_gmt":"2024-08-14T15:23:31","slug":"hoy-hace-89-anos-debut-de-emilio-sampere","status":"publish","type":"post","link":"https:\/\/www.manquepierda.com\/historiarealbetis\/hoy-hace-89-anos-debut-de-emilio-sampere\/","title":{"rendered":"Hoy hace 90 a\u00f1os. Debut de Emilio Sampere."},"content":{"rendered":"<p><a href=\"https:\/\/i0.wp.com\/www.manquepierda.com\/historiarealbetis\/files\/2019\/11\/7-1930-Debut-de-Emilio-Sampere.jpg?ssl=1\"><img data-recalc-dims=\"1\" loading=\"lazy\" decoding=\"async\" class=\"aligncenter size-medium wp-image-72158\" src=\"https:\/\/i0.wp.com\/www.manquepierda.com\/historiarealbetis\/files\/2019\/11\/7-1930-Debut-de-Emilio-Sampere.jpg?resize=464%2C600&#038;ssl=1\" alt=\"\" width=\"464\" height=\"600\" srcset=\"https:\/\/i0.wp.com\/www.manquepierda.com\/historiarealbetis\/files\/2019\/11\/7-1930-Debut-de-Emilio-Sampere.jpg?resize=464%2C600&amp;ssl=1 464w, https:\/\/i0.wp.com\/www.manquepierda.com\/historiarealbetis\/files\/2019\/11\/7-1930-Debut-de-Emilio-Sampere.jpg?resize=170%2C220&amp;ssl=1 170w, https:\/\/i0.wp.com\/www.manquepierda.com\/historiarealbetis\/files\/2019\/11\/7-1930-Debut-de-Emilio-Sampere.jpg?resize=542%2C700&amp;ssl=1 542w, https:\/\/i0.wp.com\/www.manquepierda.com\/historiarealbetis\/files\/2019\/11\/7-1930-Debut-de-Emilio-Sampere.jpg?w=598&amp;ssl=1 598w\" sizes=\"auto, (max-width: 464px) 100vw, 464px\" \/><\/a><\/p>\n<p><span style=\"color: #008000\">El 7 de diciembre de 1930 debuta como entrenador del Real Betis Balompi\u00e9 Emilio Sampere, en el partido que en el Patronato enfrenta al Betis y el Iberia, en la primera jornada del Campeonato de Liga de Segunda Divisi\u00f3n.<\/span><\/p>\n<p><span style=\"color: #008000\">Emilio Sampere, con 45 a\u00f1os, proced\u00eda del banquillo del Real Murcia y hab\u00eda sido futbolista en la d\u00e9cada inicial del siglo en el X Sporting Club y el RCD Espanyol, ambos en Barcelona. Posteriormente fue directivo del Espanyol y \u00e1rbitro, antes de iniciar su carrera en los banquillos.<\/span><\/p>\n<p><span style=\"color: #008000\">Su trayectoria en el Betis fue todo un \u00e9xito, alcanzando la final de Copa en su primera temporada y logrando el ascenso a Primera Divisi\u00f3n en la segunda.<\/span><\/p>\n","protected":false},"excerpt":{"rendered":"<p>El 7 de diciembre de 1930 debuta como entrenador del Real Betis Balompi\u00e9 Emilio Sampere, en el partido que en el Patronato enfrenta al Betis y el Iberia, en la primera jornada del Campeonato de Liga de Segunda Divisi\u00f3n. Emilio Sampere, con 45 a\u00f1os, proced\u00eda del banquillo del Real Murcia y hab\u00eda sido futbolista en&#8230;<\/p>\n","protected":false},"author":5,"featured_media":72158,"comment_status":"open","ping_status":"open","sticky":false,"template":"","format":"standard","meta":{"_kad_post_transparent":"","_kad_post_title":"","_kad_post_layout":"","_kad_post_sidebar_id":"","_kad_post_content_style":"","_kad_post_vertical_padding":"","_kad_post_feature":"","_kad_post_feature_position":"","_kad_post_header":false,"_kad_post_footer":false,"_kad_post_classname":"","_jetpack_memberships_contains_paid_content":false,"footnotes":"","jetpack_publicize_message":"","jetpack_publicize_feature_enabled":true,"jetpack_social_post_already_shared":true,"jetpack_social_options":{"image_generator_settings":{"template":"highway","default_image_id":0,"font":"","enabled":false},"version":2}},"categories":[899,14583,1],"tags":[17767,976,18000],"class_list":["post-72157","post","type-post","status-publish","format-standard","has-post-thumbnail","hentry","category-1930-1939","category-efemerides","category-portada","tag-17767","tag-emilio-sampere","tag-liga-segunda-1930-31"],"jetpack_publicize_connections":[],"jetpack_featured_media_url":"https:\/\/i0.wp.com\/www.manquepierda.com\/historiarealbetis\/files\/2019\/11\/7-1930-Debut-de-Emilio-Sampere.jpg?fit=598%2C773&ssl=1","jetpack_sharing_enabled":true,"jetpack_shortlink":"https:\/\/wp.me\/p1ij08-iLP","jetpack-related-posts":[],"_links":{"self":[{"href":"https:\/\/www.manquepierda.com\/historiarealbetis\/wp-json\/wp\/v2\/posts\/72157","targetHints":{"allow":["GET"]}}],"collection":[{"href":"https:\/\/www.manquepierda.com\/historiarealbetis\/wp-json\/wp\/v2\/posts"}],"about":[{"href":"https:\/\/www.manquepierda.com\/historiarealbetis\/wp-json\/wp\/v2\/types\/post"}],"author":[{"embeddable":true,"href":"https:\/\/www.manquepierda.com\/historiarealbetis\/wp-json\/wp\/v2\/users\/5"}],"replies":[{"embeddable":true,"href":"https:\/\/www.manquepierda.com\/historiarealbetis\/wp-json\/wp\/v2\/comments?post=72157"}],"version-history":[{"count":1,"href":"https:\/\/www.manquepierda.com\/historiarealbetis\/wp-json\/wp\/v2\/posts\/72157\/revisions"}],"predecessor-version":[{"id":96808,"href":"https:\/\/www.manquepierda.com\/historiarealbetis\/wp-json\/wp\/v2\/posts\/72157\/revisions\/96808"}],"wp:featuredmedia":[{"embeddable":true,"href":"https:\/\/www.manquepierda.com\/historiarealbetis\/wp-json\/wp\/v2\/media\/72158"}],"wp:attachment":[{"href":"https:\/\/www.manquepierda.com\/historiarealbetis\/wp-json\/wp\/v2\/media?parent=72157"}],"wp:term":[{"taxonomy":"category","embeddable":true,"href":"https:\/\/www.manquepierda.com\/historiarealbetis\/wp-json\/wp\/v2\/categories?post=72157"},{"taxonomy":"post_tag","embeddable":true,"href":"https:\/\/www.manquepierda.com\/historiarealbetis\/wp-json\/wp\/v2\/tags?post=72157"}],"curies":[{"name":"wp","href":"https:\/\/api.w.org\/{rel}","templated":true}]}}