{"id":72161,"date":"2022-12-08T11:00:00","date_gmt":"2022-12-08T10:00:00","guid":{"rendered":"http:\/\/www.manquepierda.com\/historiarealbetis\/?p=72161"},"modified":"2024-08-21T14:38:13","modified_gmt":"2024-08-21T12:38:13","slug":"hoy-hace-45-anos-betis-1-barcelona-0","status":"publish","type":"post","link":"https:\/\/www.manquepierda.com\/historiarealbetis\/hoy-hace-45-anos-betis-1-barcelona-0\/","title":{"rendered":"Hoy hace 48 a\u00f1os. Betis 1 Barcelona 0."},"content":{"rendered":"<p><a href=\"https:\/\/i0.wp.com\/www.manquepierda.com\/historiarealbetis\/files\/2019\/11\/8-1974-Betis-1-Barcelona-0-.jpg?ssl=1\"><img data-recalc-dims=\"1\" loading=\"lazy\" decoding=\"async\" class=\"aligncenter size-medium wp-image-72162\" src=\"https:\/\/i0.wp.com\/www.manquepierda.com\/historiarealbetis\/files\/2019\/11\/8-1974-Betis-1-Barcelona-0-.jpg?resize=680%2C493&#038;ssl=1\" alt=\"\" width=\"680\" height=\"493\" srcset=\"https:\/\/i0.wp.com\/www.manquepierda.com\/historiarealbetis\/files\/2019\/11\/8-1974-Betis-1-Barcelona-0-.jpg?resize=680%2C493&amp;ssl=1 680w, https:\/\/i0.wp.com\/www.manquepierda.com\/historiarealbetis\/files\/2019\/11\/8-1974-Betis-1-Barcelona-0-.jpg?resize=220%2C159&amp;ssl=1 220w, https:\/\/i0.wp.com\/www.manquepierda.com\/historiarealbetis\/files\/2019\/11\/8-1974-Betis-1-Barcelona-0-.jpg?resize=768%2C556&amp;ssl=1 768w, https:\/\/i0.wp.com\/www.manquepierda.com\/historiarealbetis\/files\/2019\/11\/8-1974-Betis-1-Barcelona-0-.jpg?resize=960%2C696&amp;ssl=1 960w, https:\/\/i0.wp.com\/www.manquepierda.com\/historiarealbetis\/files\/2019\/11\/8-1974-Betis-1-Barcelona-0-.jpg?w=1198&amp;ssl=1 1198w\" sizes=\"auto, (max-width: 680px) 100vw, 680px\" \/><\/a><\/p>\n<p><span style=\"color: #008000\">El 8 de diciembre de 1974 el Betis derrota 1-0 al Barcelona en el Villamar\u00edn en partido de la jornada 11 del Campeonato de Liga de Primera Divisi\u00f3n.<\/span><\/p>\n<p><span style=\"color: #008000\">En el minuto 89 Antonio Biosca fue el autor del \u00fanico tanto del partido, al rematar de cabeza una falta sacada por Rogelio.&nbsp;<\/span><\/p>\n<p><span style=\"color: #008000\">El Betis, dirigido por Ferenc Szusza, form\u00f3 con Esnaola; Bizcocho, Sabat\u00e9, Biosca, Cobo; L\u00f3pez, Alabanda, Carde\u00f1osa; Del Pozo, Mendieta (10, Mameli) y Rogelio.<\/span><\/p>\n<p><span style=\"color: #008000\">El Barcelona, entrenado por Rinus Michels, aline\u00f3 a Sadurn\u00ed; Costas, Marinho, Migueli, De la Cruz; Neeskens, Juan Carlos, Asensi; Rexach, Cruyff y Clares.<\/span><\/p>\n","protected":false},"excerpt":{"rendered":"<p>El 8 de diciembre de 1974 el Betis derrota 1-0 al Barcelona en el Villamar\u00edn en partido de la jornada 11 del Campeonato de Liga de Primera Divisi\u00f3n. En el minuto 89 Antonio Biosca fue el autor del \u00fanico tanto del partido, al rematar de cabeza una falta sacada por Rogelio.&nbsp; El Betis, dirigido por&#8230;<\/p>\n","protected":false},"author":5,"featured_media":72162,"comment_status":"open","ping_status":"open","sticky":false,"template":"","format":"standard","meta":{"_kad_post_transparent":"","_kad_post_title":"","_kad_post_layout":"","_kad_post_sidebar_id":"","_kad_post_content_style":"","_kad_post_vertical_padding":"","_kad_post_feature":"","_kad_post_feature_position":"","_kad_post_header":false,"_kad_post_footer":false,"_kad_post_classname":"","_jetpack_memberships_contains_paid_content":false,"footnotes":"","jetpack_publicize_message":"","jetpack_publicize_feature_enabled":true,"jetpack_social_post_already_shared":true,"jetpack_social_options":{"image_generator_settings":{"template":"highway","default_image_id":0,"font":"","enabled":false},"version":2}},"categories":[903,14583,1],"tags":[57,1154,17877],"class_list":["post-72161","post","type-post","status-publish","format-standard","has-post-thumbnail","hentry","category-1970-1979","category-efemerides","category-portada","tag-57","tag-fc-barcelona","tag-liga-primera-1974-75"],"jetpack_publicize_connections":[],"jetpack_featured_media_url":"https:\/\/i0.wp.com\/www.manquepierda.com\/historiarealbetis\/files\/2019\/11\/8-1974-Betis-1-Barcelona-0-.jpg?fit=1198%2C868&ssl=1","jetpack_sharing_enabled":true,"jetpack_shortlink":"https:\/\/wp.me\/p1ij08-iLT","jetpack-related-posts":[],"_links":{"self":[{"href":"https:\/\/www.manquepierda.com\/historiarealbetis\/wp-json\/wp\/v2\/posts\/72161","targetHints":{"allow":["GET"]}}],"collection":[{"href":"https:\/\/www.manquepierda.com\/historiarealbetis\/wp-json\/wp\/v2\/posts"}],"about":[{"href":"https:\/\/www.manquepierda.com\/historiarealbetis\/wp-json\/wp\/v2\/types\/post"}],"author":[{"embeddable":true,"href":"https:\/\/www.manquepierda.com\/historiarealbetis\/wp-json\/wp\/v2\/users\/5"}],"replies":[{"embeddable":true,"href":"https:\/\/www.manquepierda.com\/historiarealbetis\/wp-json\/wp\/v2\/comments?post=72161"}],"version-history":[{"count":1,"href":"https:\/\/www.manquepierda.com\/historiarealbetis\/wp-json\/wp\/v2\/posts\/72161\/revisions"}],"predecessor-version":[{"id":86765,"href":"https:\/\/www.manquepierda.com\/historiarealbetis\/wp-json\/wp\/v2\/posts\/72161\/revisions\/86765"}],"wp:featuredmedia":[{"embeddable":true,"href":"https:\/\/www.manquepierda.com\/historiarealbetis\/wp-json\/wp\/v2\/media\/72162"}],"wp:attachment":[{"href":"https:\/\/www.manquepierda.com\/historiarealbetis\/wp-json\/wp\/v2\/media?parent=72161"}],"wp:term":[{"taxonomy":"category","embeddable":true,"href":"https:\/\/www.manquepierda.com\/historiarealbetis\/wp-json\/wp\/v2\/categories?post=72161"},{"taxonomy":"post_tag","embeddable":true,"href":"https:\/\/www.manquepierda.com\/historiarealbetis\/wp-json\/wp\/v2\/tags?post=72161"}],"curies":[{"name":"wp","href":"https:\/\/api.w.org\/{rel}","templated":true}]}}