{"id":72210,"date":"2023-12-12T11:00:00","date_gmt":"2023-12-12T10:00:00","guid":{"rendered":"http:\/\/www.manquepierda.com\/historiarealbetis\/?p=72210"},"modified":"2024-08-14T16:41:00","modified_gmt":"2024-08-14T14:41:00","slug":"hoy-hace-46-anos-debut-de-anono","status":"publish","type":"post","link":"https:\/\/www.manquepierda.com\/historiarealbetis\/hoy-hace-46-anos-debut-de-anono\/","title":{"rendered":"Hoy hace 50 a\u00f1os. Debut de A\u00f1o\u00f1o."},"content":{"rendered":"<p><a href=\"https:\/\/i0.wp.com\/www.manquepierda.com\/historiarealbetis\/files\/2019\/11\/11-1973-Debut-de-A%C3%B1o%C3%B1o.jpg?ssl=1\"><img data-recalc-dims=\"1\" loading=\"lazy\" decoding=\"async\" class=\"aligncenter size-full wp-image-72211\" src=\"https:\/\/i0.wp.com\/www.manquepierda.com\/historiarealbetis\/files\/2019\/11\/11-1973-Debut-de-A%C3%B1o%C3%B1o.jpg?resize=331%2C494&#038;ssl=1\" alt=\"\" width=\"331\" height=\"494\" srcset=\"https:\/\/i0.wp.com\/www.manquepierda.com\/historiarealbetis\/files\/2019\/11\/11-1973-Debut-de-A%C3%B1o%C3%B1o.jpg?w=331&amp;ssl=1 331w, https:\/\/i0.wp.com\/www.manquepierda.com\/historiarealbetis\/files\/2019\/11\/11-1973-Debut-de-A%C3%B1o%C3%B1o.jpg?resize=147%2C220&amp;ssl=1 147w\" sizes=\"auto, (max-width: 331px) 100vw, 331px\" \/><\/a><\/p>\n<p><span style=\"color: #008000\">El 12 de diciembre de 1973 debuta en partido oficial con el Real Betis Balompi\u00e9 Antonio Puerta Garc\u00eda \u201cA\u00f1o\u00f1o\u201d, en el partido de vuelta de la tercera ronda de la Copa que enfrenta en el Villamar\u00edn a Betis y Villarreal.<\/span><\/p>\n<p><span style=\"color: #008000\">A\u00f1o\u00f1o salt\u00f3 al campo en el minuto 65, supliendo a Eduardo Anzarda. Cuando A\u00f1o\u00f1o debut\u00f3 con el Betis ten\u00eda 24 a\u00f1os y proced\u00eda de la cantera verdiblanca, aunque en las 2 temporadas anteriores hab\u00eda estado cedido en el Recreativo de Huelva y en el Jerez Industrial.<\/span><\/p>\n","protected":false},"excerpt":{"rendered":"<p>El 12 de diciembre de 1973 debuta en partido oficial con el Real Betis Balompi\u00e9 Antonio Puerta Garc\u00eda \u201cA\u00f1o\u00f1o\u201d, en el partido de vuelta de la tercera ronda de la Copa que enfrenta en el Villamar\u00edn a Betis y Villarreal. A\u00f1o\u00f1o salt\u00f3 al campo en el minuto 65, supliendo a Eduardo Anzarda. Cuando A\u00f1o\u00f1o debut\u00f3&#8230;<\/p>\n","protected":false},"author":5,"featured_media":72211,"comment_status":"open","ping_status":"open","sticky":false,"template":"","format":"standard","meta":{"_kad_post_transparent":"","_kad_post_title":"","_kad_post_layout":"","_kad_post_sidebar_id":"","_kad_post_content_style":"","_kad_post_vertical_padding":"","_kad_post_feature":"","_kad_post_feature_position":"","_kad_post_header":false,"_kad_post_footer":false,"_kad_post_classname":"","_jetpack_memberships_contains_paid_content":false,"footnotes":"","jetpack_publicize_message":"","jetpack_publicize_feature_enabled":true,"jetpack_social_post_already_shared":true,"jetpack_social_options":{"image_generator_settings":{"template":"highway","default_image_id":0,"font":"","enabled":false},"version":2}},"categories":[903,14583,1],"tags":[56,4002,17831],"class_list":["post-72210","post","type-post","status-publish","format-standard","has-post-thumbnail","hentry","category-1970-1979","category-efemerides","category-portada","tag-56","tag-antonio-puerta-anono","tag-copa-1973-74"],"jetpack_publicize_connections":[],"jetpack_featured_media_url":"https:\/\/i0.wp.com\/www.manquepierda.com\/historiarealbetis\/files\/2019\/11\/11-1973-Debut-de-A%C3%B1o%C3%B1o.jpg?fit=331%2C494&ssl=1","jetpack_sharing_enabled":true,"jetpack_shortlink":"https:\/\/wp.me\/p1ij08-iMG","jetpack-related-posts":[],"_links":{"self":[{"href":"https:\/\/www.manquepierda.com\/historiarealbetis\/wp-json\/wp\/v2\/posts\/72210","targetHints":{"allow":["GET"]}}],"collection":[{"href":"https:\/\/www.manquepierda.com\/historiarealbetis\/wp-json\/wp\/v2\/posts"}],"about":[{"href":"https:\/\/www.manquepierda.com\/historiarealbetis\/wp-json\/wp\/v2\/types\/post"}],"author":[{"embeddable":true,"href":"https:\/\/www.manquepierda.com\/historiarealbetis\/wp-json\/wp\/v2\/users\/5"}],"replies":[{"embeddable":true,"href":"https:\/\/www.manquepierda.com\/historiarealbetis\/wp-json\/wp\/v2\/comments?post=72210"}],"version-history":[{"count":2,"href":"https:\/\/www.manquepierda.com\/historiarealbetis\/wp-json\/wp\/v2\/posts\/72210\/revisions"}],"predecessor-version":[{"id":91740,"href":"https:\/\/www.manquepierda.com\/historiarealbetis\/wp-json\/wp\/v2\/posts\/72210\/revisions\/91740"}],"wp:featuredmedia":[{"embeddable":true,"href":"https:\/\/www.manquepierda.com\/historiarealbetis\/wp-json\/wp\/v2\/media\/72211"}],"wp:attachment":[{"href":"https:\/\/www.manquepierda.com\/historiarealbetis\/wp-json\/wp\/v2\/media?parent=72210"}],"wp:term":[{"taxonomy":"category","embeddable":true,"href":"https:\/\/www.manquepierda.com\/historiarealbetis\/wp-json\/wp\/v2\/categories?post=72210"},{"taxonomy":"post_tag","embeddable":true,"href":"https:\/\/www.manquepierda.com\/historiarealbetis\/wp-json\/wp\/v2\/tags?post=72210"}],"curies":[{"name":"wp","href":"https:\/\/api.w.org\/{rel}","templated":true}]}}