{"id":72586,"date":"2024-12-26T12:00:00","date_gmt":"2024-12-26T11:00:00","guid":{"rendered":"http:\/\/www.manquepierda.com\/historiarealbetis\/?p=72586"},"modified":"2024-10-19T13:26:50","modified_gmt":"2024-10-19T11:26:50","slug":"hoy-hace-65-anos-jerez-3-betis-0","status":"publish","type":"post","link":"https:\/\/www.manquepierda.com\/historiarealbetis\/hoy-hace-65-anos-jerez-3-betis-0\/","title":{"rendered":"Hoy hace 70 a\u00f1os. Jerez 3 Betis 0."},"content":{"rendered":"<p><a href=\"https:\/\/i0.wp.com\/www.manquepierda.com\/historiarealbetis\/files\/2019\/12\/26-1954-Jerez-3-Betis-0.jpg?ssl=1\"><img data-recalc-dims=\"1\" loading=\"lazy\" decoding=\"async\" class=\"aligncenter size-medium wp-image-72587\" src=\"https:\/\/i0.wp.com\/www.manquepierda.com\/historiarealbetis\/files\/2019\/12\/26-1954-Jerez-3-Betis-0.jpg?resize=680%2C401&#038;ssl=1\" alt=\"\" width=\"680\" height=\"401\" srcset=\"https:\/\/i0.wp.com\/www.manquepierda.com\/historiarealbetis\/files\/2019\/12\/26-1954-Jerez-3-Betis-0.jpg?resize=680%2C401&amp;ssl=1 680w, https:\/\/i0.wp.com\/www.manquepierda.com\/historiarealbetis\/files\/2019\/12\/26-1954-Jerez-3-Betis-0.jpg?resize=220%2C130&amp;ssl=1 220w, https:\/\/i0.wp.com\/www.manquepierda.com\/historiarealbetis\/files\/2019\/12\/26-1954-Jerez-3-Betis-0.jpg?resize=768%2C453&amp;ssl=1 768w, https:\/\/i0.wp.com\/www.manquepierda.com\/historiarealbetis\/files\/2019\/12\/26-1954-Jerez-3-Betis-0.jpg?w=826&amp;ssl=1 826w\" sizes=\"auto, (max-width: 680px) 100vw, 680px\" \/><\/a><\/p>\n<p><span style=\"color: #008000\">El 26 de diciembre de 1954 el Jerez derrota al Betis 3-0 en Domecq en partido de la jornada 16 del Campeonato de Liga de Segunda Divisi\u00f3n.<\/span><\/p>\n<p><span style=\"color: #008000\">Ayestar\u00e1n en dos ocasiones y Dom\u00ednguez fueron los autores de los tantos locales.<\/span><\/p>\n<p><span style=\"color: #008000\">El Jerez, entrenado por Gabriel Andonegui, aline\u00f3 a Rivero; Trilla, Garc\u00eda Vida, Aldonza; Rafa, Aizpur\u00faa; Areta, Ayestar\u00e1n, Hern\u00e1ndez, Zuppo y Dom\u00ednguez.<\/span><\/p>\n<p><span style=\"color: #008000\">El Betis, dirigido por Francisco G\u00f3mez, form\u00f3 con Gonz\u00e1lez; Su\u00f1er, Gabilondo, Cifuentes; \u00d3scar, Aumesquet; Del Sol, Guerrero, Villota, Barinaga y F\u00e9lix.&nbsp;<\/span><\/p>\n","protected":false},"excerpt":{"rendered":"<p>El 26 de diciembre de 1954 el Jerez derrota al Betis 3-0 en Domecq en partido de la jornada 16 del Campeonato de Liga de Segunda Divisi\u00f3n. Ayestar\u00e1n en dos ocasiones y Dom\u00ednguez fueron los autores de los tantos locales. El Jerez, entrenado por Gabriel Andonegui, aline\u00f3 a Rivero; Trilla, Garc\u00eda Vida, Aldonza; Rafa, Aizpur\u00faa;&#8230;<\/p>\n","protected":false},"author":5,"featured_media":72587,"comment_status":"open","ping_status":"open","sticky":false,"template":"","format":"standard","meta":{"_kad_post_transparent":"","_kad_post_title":"","_kad_post_layout":"","_kad_post_sidebar_id":"","_kad_post_content_style":"","_kad_post_vertical_padding":"","_kad_post_feature":"","_kad_post_feature_position":"","_kad_post_header":false,"_kad_post_footer":false,"_kad_post_classname":"","_jetpack_memberships_contains_paid_content":false,"footnotes":"","jetpack_publicize_message":"","jetpack_publicize_feature_enabled":true,"jetpack_social_post_already_shared":true,"jetpack_social_options":{"image_generator_settings":{"template":"highway","default_image_id":0,"font":"","enabled":false},"version":2}},"categories":[901,14583,1],"tags":[54,11415,17902,16831],"class_list":["post-72586","post","type-post","status-publish","format-standard","has-post-thumbnail","hentry","category-1950-1959","category-efemerides","category-portada","tag-54","tag-jerez-deportivo","tag-liga-segunda-1954-55","tag-xerez-deportivo"],"jetpack_publicize_connections":[],"jetpack_featured_media_url":"https:\/\/i0.wp.com\/www.manquepierda.com\/historiarealbetis\/files\/2019\/12\/26-1954-Jerez-3-Betis-0.jpg?fit=826%2C487&ssl=1","jetpack_sharing_enabled":true,"jetpack_shortlink":"https:\/\/wp.me\/p1ij08-iSK","jetpack-related-posts":[],"_links":{"self":[{"href":"https:\/\/www.manquepierda.com\/historiarealbetis\/wp-json\/wp\/v2\/posts\/72586","targetHints":{"allow":["GET"]}}],"collection":[{"href":"https:\/\/www.manquepierda.com\/historiarealbetis\/wp-json\/wp\/v2\/posts"}],"about":[{"href":"https:\/\/www.manquepierda.com\/historiarealbetis\/wp-json\/wp\/v2\/types\/post"}],"author":[{"embeddable":true,"href":"https:\/\/www.manquepierda.com\/historiarealbetis\/wp-json\/wp\/v2\/users\/5"}],"replies":[{"embeddable":true,"href":"https:\/\/www.manquepierda.com\/historiarealbetis\/wp-json\/wp\/v2\/comments?post=72586"}],"version-history":[{"count":2,"href":"https:\/\/www.manquepierda.com\/historiarealbetis\/wp-json\/wp\/v2\/posts\/72586\/revisions"}],"predecessor-version":[{"id":100451,"href":"https:\/\/www.manquepierda.com\/historiarealbetis\/wp-json\/wp\/v2\/posts\/72586\/revisions\/100451"}],"wp:featuredmedia":[{"embeddable":true,"href":"https:\/\/www.manquepierda.com\/historiarealbetis\/wp-json\/wp\/v2\/media\/72587"}],"wp:attachment":[{"href":"https:\/\/www.manquepierda.com\/historiarealbetis\/wp-json\/wp\/v2\/media?parent=72586"}],"wp:term":[{"taxonomy":"category","embeddable":true,"href":"https:\/\/www.manquepierda.com\/historiarealbetis\/wp-json\/wp\/v2\/categories?post=72586"},{"taxonomy":"post_tag","embeddable":true,"href":"https:\/\/www.manquepierda.com\/historiarealbetis\/wp-json\/wp\/v2\/tags?post=72586"}],"curies":[{"name":"wp","href":"https:\/\/api.w.org\/{rel}","templated":true}]}}