{"id":72591,"date":"2019-12-16T09:59:38","date_gmt":"2019-12-16T08:59:38","guid":{"rendered":"http:\/\/www.manquepierda.com\/historiarealbetis\/?p=72591"},"modified":"2019-12-12T07:28:46","modified_gmt":"2019-12-12T06:28:46","slug":"entrevista-ernesto-pons-1966","status":"publish","type":"post","link":"https:\/\/www.manquepierda.com\/historiarealbetis\/entrevista-ernesto-pons-1966\/","title":{"rendered":"Entrevista Ernesto Pons 1966"},"content":{"rendered":"<p><a href=\"https:\/\/i0.wp.com\/www.manquepierda.com\/historiarealbetis\/files\/2019\/12\/Ernesto-Pons-3.jpg?ssl=1\"><img data-recalc-dims=\"1\" loading=\"lazy\" decoding=\"async\" class=\"size-medium wp-image-72592 alignleft\" src=\"https:\/\/i0.wp.com\/www.manquepierda.com\/historiarealbetis\/files\/2019\/12\/Ernesto-Pons-3.jpg?resize=439%2C600&#038;ssl=1\" alt=\"\" width=\"439\" height=\"600\" srcset=\"https:\/\/i0.wp.com\/www.manquepierda.com\/historiarealbetis\/files\/2019\/12\/Ernesto-Pons-3.jpg?resize=439%2C600&amp;ssl=1 439w, https:\/\/i0.wp.com\/www.manquepierda.com\/historiarealbetis\/files\/2019\/12\/Ernesto-Pons-3.jpg?resize=161%2C220&amp;ssl=1 161w, https:\/\/i0.wp.com\/www.manquepierda.com\/historiarealbetis\/files\/2019\/12\/Ernesto-Pons-3.jpg?w=497&amp;ssl=1 497w\" sizes=\"auto, (max-width: 439px) 100vw, 439px\" \/><\/a><\/p>\n<p>Ernesto Pons fue un entrenador de ida y vuelta en el Real Betis Balompi\u00e9. Hasta en 3 ocasiones se hizo cargo de la primera plantilla verdiblanca: en la temporada 1962-63 supliendo a Fernando Daucik, en la 1964-65 tras el fallecimiento de Andr\u00e9s Aranda y en la 1965-66 para cubrir la salida del club de Martim Francisco.<\/p>\n<p>En las dos primeras se consigui\u00f3 enderezar el rumbo, pero no en la tercera en la que el equipo se fue a Segunda Divisi\u00f3n en el \u00faltimo minuto de la \u00faltima jornada, al recibir un gol en La Rosaleda. Pero despu\u00e9s de este fracaso, el equipo hizo un magn\u00edfico papel en la Copa, eliminando a Oviedo, Espanyol y Real Madrid y alcanzando las semifinales, donde se cay\u00f3 ante el Athletic.<\/p>\n<p>Cuatro d\u00edas despu\u00e9s de perder 1-4 en el Villamar\u00edn ante el Athletic se publicaba en el diario Sevilla esta entrevista con Ernesto Pons a cargo del periodista Mart\u00edn Benito. En ella el preparador b\u00e9tico analizaba la actualidad verdiblanca, con interesantes comentarios sobre la lista que el seleccionador Villalonga hab\u00eda dado para el inminente Campeonato Mundial\u00a0 a celebrar en Inglaterra y en la que echaba en falta la presencia del b\u00e9tico Ant\u00f3n. Tambi\u00e9n se explicaba la derrota frente al Athletic en el partido de vuelta de las semifinales, despu\u00e9s de haber empatado a 1 en San Mam\u00e9s en la ida, y luego se entraba en analizar el devenir en el campeonato liguero finalizado, as\u00ed como en la preparaci\u00f3n del pr\u00f3ximo. Porque en ese momento parec\u00eda que a Ernesto Pons se le iba a encomendar la tarea de retornar al equipo a Primera Divisi\u00f3n la siguiente campa\u00f1a, lo que significar\u00eda que por primera vez iba a dirigir al Betis desde la pretemporada.<\/p>\n<p>Pero finalmente no fue as\u00ed. Dos d\u00edas despu\u00e9s, cuando se iba a cerrar la renovaci\u00f3n apalabrada, surgieron dificultades ante la pretensi\u00f3n directiva de rebajar la cantidad por estar el equipo en una categor\u00eda inferior, adem\u00e1s de que en la junta directiva hab\u00eda miembros no conformes con que fuese Pons el t\u00e9cnico para la temporada 1966-67. Finalmente Ernesto Pons fich\u00f3 por el M\u00e1laga, con el que ser\u00eda primero del grupo II de la Segunda Divisi\u00f3n y subiendo a Primera.<\/p>\n<p><span style=\"color: #008000\"><em>El cambio de un entrenador de una temporada a otra, o varias veces en la misma temporada, es la regla general de los clubs espa\u00f1oles, si exceptuamos al Real Madrid, que mantiene a Miguel Mu\u00f1oz firme en su puesto. El Betis, a trav\u00e9s de su presidente electo, don Andr\u00e9s Gavi\u00f1o, ha cre\u00eddo conveniente que Ernesto Pons siga al frente de los verdiblancos durante otra temporada m\u00e1s. A\u00fan no se ha firmado el correspondiente contrato, pero, verbalmente, ambas partes han acordado la continuidad.<\/em><\/span><\/p>\n<p><span style=\"color: #008000\"><em>La pr\u00f3xima temporada ser\u00e1 de gran trascendencia para el Betis. Debe recuperar la categor\u00eda perdida. Como ha quedado demostrado en la excelente campa\u00f1a copera, si el tim\u00f3n de la nave se lleva con sentido, los de la calle Alemanes tienen plantilla para pensar en el retorno a la Primera Divisi\u00f3n. Los adversarios m\u00e1s dif\u00edciles ser\u00e1n el conjunto malague\u00f1o y el Mallorca, caso de ser incluido en el Grupo Sur de la Segunda Divisi\u00f3n.<\/em><\/span><\/p>\n<p><span style=\"color: #008000\"><em>La noticia de la continuidad de Ernesto Pons al frente del equipo indica que en el aspecto deportivo cambiar\u00e1n muy poco las cosas en calle Alemanes. Quedamos citados con el preparador a las nueve y cuarto en el Hotel La R\u00e1bida. Pons es puntual.<\/em><\/span><\/p>\n<p><span style=\"color: #008000\"><em>Nuestro prop\u00f3sito era charlar, principalmente, sobre el futuro del Betis. Pons, sin embargo, de entrada habla sobre la lista de Villalonga.<\/em><\/span><\/p>\n<ul>\n<li><span style=\"color: #008000\"><em>A mi juicio en la lista de Villalonga el \u00fanico hombre que falta es Ant\u00f3n. Poco podemos a\u00f1adir los entrenadores a los designados por el seleccionador, ya que \u00e9l ha seguido los pasos de todos, pero creo que Ant\u00f3n re\u00fane las condiciones suficientes para Londres. A la vista de los llamados, Eladio es un hombre fuerte, pero carece de la t\u00e9cnica suficiente, mientras Reija, Sanch\u00eds y Rivilla son t\u00e9cnicos, con el inconveniente de no tener la suficiente fortaleza f\u00edsica. Ant\u00f3n juega bien la pelota, tiene enorme potencia y muchos menos a\u00f1os que los anteriormente citados<\/em><\/span><\/li>\n<\/ul>\n<p><span style=\"color: #008000\"><em>Queda, pues, rese\u00f1ada la sugerencia de Pons.<\/em><\/span><\/p>\n<p><span style=\"color: #008000\"><em>Otro tema por el que el preparador b\u00e9tico tiene especial inter\u00e9s es el partido jugado el domingo contra el Atl\u00e9tico de Bilbao.<\/em><\/span><\/p>\n<ul>\n<li><span style=\"color: #008000\"><em>Se ha dicho que el fallo del equipo residi\u00f3 principalmente en Grau y Montaner, en lo que no estoy completamente de acuerdo. Para m\u00ed estuvo en la zona central del campo, donde no se marc\u00f3 a los hombres claves del Atl\u00e9tico de Bilbao. Ni Frasco ni Dioni cuidaron, como le hab\u00eda dicho, de Uriarte y Aguirre, por lo que siempre llegaban sueltos ante la defensa. Yo hab\u00eda montado el mismo dispositivo t\u00e1ctico que en Bilbao, pero Frasco, que realiza marcajes perfectos fuera de casa, aqu\u00ed, no s\u00e9 por qu\u00e9, se siente en la obligaci\u00f3n de irse hacia delante, y Dioni no suele sujetarse bien al marcaje. De ah\u00ed parti\u00f3 el mal. A Grau y Montaner les llegaban sueltos los delanteros vascos, sin posibilidad de detenerlos<\/em><\/span><\/li>\n<li><span style=\"color: #008000\"><em>Sin embargo, por el lado de Ant\u00f3n no se conjuraban los peligros<\/em><\/span><\/li>\n<li><span style=\"color: #008000\"><em>S\u00ed, claro\u2026 Es que Ant\u00f3n se halla en un gran momento de juego. Tambi\u00e9n se ha dicho que Ant\u00f3n debi\u00f3 pasar al centro de la defensa. Hubiese sido desnudar un santo para vestir otro, y, adem\u00e1s, no es lo mismo de efectivo en el centro de la defensa que en el lateral. Durante la Liga, en Mallorca, como central fue un coladero. Tampoco me serv\u00eda Su\u00e1rez. El fallo estuvo, pues, a mi juicio, en el centro del campo. Despu\u00e9s del segundo gol tuve que arriesgarme lanzando m\u00e1s adelante a los hombres.<\/em><\/span><\/li>\n<\/ul>\n<p><span style=\"color: #008000\"><em>Ya hemos se\u00f1alado la regla general de los clubs respecto a los entrenadores. Lo normal es el cambio.<\/em><\/span><\/p>\n<ul>\n<li><span style=\"color: #008000\"><em>Estimo que la continuidad es beneficiosa tanto para los equipos como para el entrenador. Casi todos los entrenadores, con ligeras variantes, siguen los mismos m\u00e9todos de preparaci\u00f3n y estamos capacitados para dirigir cualquier equipo, pero el desconocimiento de una plantilla puede ser motivo de errores iniciales que despu\u00e9s a veces son dif\u00edciles de corregir. Creo que esto le paso a Martim Francisco en el Betis. Otros ejemplos recientes que pueden servir son los de Olsen en el Barcelona, y Daucik en el Zaragoza, que tras una etapa inicial de fracasos, cuando han conocido el material a sus \u00f3rdenes lograron el triunfo<\/em><\/span><\/li>\n<\/ul>\n<p><span style=\"color: #008000\"><em>Ernesto Pons se hizo cargo del Betis cuando hab\u00edan transcurrido doce jornadas de Liga y el equipo ten\u00eda siete negativos. Se esperaba que Pons lograse salvar el descenso, pero no se consigui\u00f3, aunque al final la cuenta de negativos no hab\u00eda aumentado. Fueron varias las causas que llevaron al club a Segunda Divisi\u00f3n.<\/em><\/span><\/p>\n<ul>\n<li><span style=\"color: #008000\"><em>Cuando te hiciste cargo del equipo conoc\u00edas el material del club por llevar, con peque\u00f1os intervalos, cuatro a\u00f1os a su servicio. S\u00f3lo en la Copa se ha logrado el conjunto que se aproxima al ideal de la formaci\u00f3n b\u00e9tica. \u00bfA qu\u00e9 se ha debido?<\/em><\/span><\/li>\n<\/ul>\n<p><span style=\"color: #008000\"><em>Rechaza la pregunta y argumenta:<\/em><\/span><\/p>\n<ul>\n<li><span style=\"color: #008000\"><em>En realidad han sido los mismos hombres los de la Copa y los de la Liga. En la Liga los negativos pesaban sobre el equipo y tuvimos mala suerte en no pocas ocasiones, y otros factores influyeron en el descenso. Vega empez\u00f3 a jugar cuando se incorpor\u00f3 al club. Aparicio jug\u00f3 muchos encuentros. R\u00edos siempre fue indiscutible; a Ant\u00f3n lo descubr\u00ed casualmente como lateral, donde viene rindiendo a plena satisfacci\u00f3n; a Azc\u00e1rate tambi\u00e9n lo descubr\u00ed como medio. Gir\u00f3n fue titular hasta que se lesion\u00f3, y no recuper\u00f3 la forma hasta la Copa; Frasco jug\u00f3 de medio, Quino y Dioni tambi\u00e9n actuaron como interiores, y Rogelio siempre estuvo en el extremo. Finalmente, Landa sustituy\u00f3 a Ansola.<\/em><\/span><\/li>\n<li><span style=\"color: #008000\"><em>\u00bfNo crees que el fallo del Betis se debi\u00f3 a los fichajes y su inclusi\u00f3n en el equipo?<\/em><\/span><\/li>\n<li><span style=\"color: #008000\"><em>Entonces no estaba en el club y no deseo ni creo que deba opinar sobre al asunto<\/em><\/span><\/li>\n<\/ul>\n<p><span style=\"color: #008000\"><em>Abordamos el tema del futuro del Betis. La impresi\u00f3n general del aficionado es que la actual plantilla ser\u00e1 suficiente para lograr el retorno a Primera Divisi\u00f3n.<\/em><\/span><\/p>\n<ul>\n<li><span style=\"color: #008000\"><em>\u00bfQu\u00e9 has pensado para la pr\u00f3xima temporada?<\/em><\/span><\/li>\n<li><span style=\"color: #008000\"><em>He preparado las normas a seguir por los jugadores durante el periodo de vacaciones en el aspecto f\u00edsico, plan general de preparaci\u00f3n y alimentaci\u00f3n, en cuatro folios de los que se har\u00e1n copias y se entregar\u00e1n a los jugadores<\/em><\/span><\/li>\n<li><span style=\"color: #008000\"><em>Lo que quiere decir que ser\u00e1s el entrenador del Betis<\/em><\/span><\/li>\n<li><span style=\"color: #008000\"><em>Yo hab\u00eda pedido al club, hace unos dos meses, que me contestaran si se contaba con mis servicios para la pr\u00f3xima temporada. Por dos razones: primera, si no se contaba conmigo, la lista de los hombres deb\u00eda darla el que me fuera a sustituir, y segunda, que deb\u00eda tomar una decisi\u00f3n sobre la propuesta de varios clubs. Ahora es f\u00e1cil llegar a un acuerdo, pero despu\u00e9s es m\u00e1s dif\u00edcil. Ah\u00ed tenemos el caso de Marcel Domingo, que tras logar el ascenso del Pontevedra, por esperar demasiado est\u00e1 en cese. Ahora, el se\u00f1or Gavi\u00f1o me ha comunicado que se cuenta con mis servicios y que las condiciones las estudiaremos el pr\u00f3ximo viernes. La firma del contrato ya es lo de menos. Mi inter\u00e9s era en que me dijesen lo que pensaban.<\/em><\/span><\/li>\n<li><span style=\"color: #008000\"><em>\u00bfDe qu\u00e9 m\u00e1s trataron?<\/em><\/span><\/li>\n<li><span style=\"color: #008000\"><em>Estuvimos confeccionando la plantilla para la pr\u00f3xima temporada<\/em><\/span><\/li>\n<li><span style=\"color: #008000\"><em>\u00bfQui\u00e9nes la integrar\u00e1n?<\/em><\/span><\/li>\n<li><span style=\"color: #008000\"><em>En principio se ha dado la lista de los dieciocho llamados \u201cintocables\u201d y se incorporar\u00e1n seis, en principio, del Triana<\/em><\/span><\/li>\n<li><span style=\"color: #008000\"><em>\u00bfQui\u00e9nes son los \u201cintocables\u201d?<\/em><\/span><\/li>\n<li><span style=\"color: #008000\"><em>No creo que sea prudente dar los nombres, entre otras razones por posibles modificaciones<\/em><\/span><\/li>\n<li><span style=\"color: #008000\"><em>\u00bfY los del Triana que ser\u00e1n incluidos en la plantilla?<\/em><\/span><\/li>\n<li><span style=\"color: #008000\"><em>Tambi\u00e9n puede haber modificaciones, pero he pensado en Crespillo, Telech\u00eda, Gonz\u00e1lez, Ezequiel, Fali y Demetrio.<\/em><\/span><\/li>\n<li><span style=\"color: #008000\"><em>\u00bfPedir\u00e1 m\u00e1s refuerzos?<\/em><\/span><\/li>\n<li><span style=\"color: #008000\"><em>Refuerzos, poqu\u00edsimos. Si surge algo que interese, bien. En general el club tiene jugadores suficientes y de calidad para pensar que los que queden lograr\u00e1n el ascenso apetecido.<\/em><\/span><\/li>\n<\/ul>\n<p><span style=\"color: #008000\"><em>Las vacaciones a los jugadores se dar\u00e1n pr\u00f3ximamente, para comenzar los entrenamientos a mediados de junio. El plan de trabajo est\u00e1 iniciado. Lo que hace falta es que resulte acertado.<\/em><\/span><\/p>\n","protected":false},"excerpt":{"rendered":"<p>Ernesto Pons fue un entrenador de ida y vuelta en el Real Betis Balompi\u00e9. Hasta en 3 ocasiones se hizo cargo de la primera plantilla verdiblanca: en la temporada 1962-63 supliendo a Fernando Daucik, en la 1964-65 tras el fallecimiento de Andr\u00e9s Aranda y en la 1965-66 para cubrir la salida del club de Martim&#8230;<\/p>\n","protected":false},"author":5,"featured_media":72592,"comment_status":"open","ping_status":"open","sticky":false,"template":"","format":"standard","meta":{"_kad_post_transparent":"","_kad_post_title":"","_kad_post_layout":"","_kad_post_sidebar_id":"","_kad_post_content_style":"","_kad_post_vertical_padding":"","_kad_post_feature":"","_kad_post_feature_position":"","_kad_post_header":false,"_kad_post_footer":false,"_kad_post_classname":"","_jetpack_memberships_contains_paid_content":false,"footnotes":"","jetpack_publicize_message":"","jetpack_publicize_feature_enabled":true,"jetpack_social_post_already_shared":true,"jetpack_social_options":{"image_generator_settings":{"template":"highway","default_image_id":0,"font":"","enabled":false},"version":2}},"categories":[902,892,1],"tags":[8183,1592,8185,13406],"class_list":["post-72591","post","type-post","status-publish","format-standard","has-post-thumbnail","hentry","category-1960-1969","category-entrenadores-temas","category-portada","tag-1965-66","tag-1592","tag-ernesto-pons","tag-martin-benito"],"jetpack_publicize_connections":[],"jetpack_featured_media_url":"https:\/\/i0.wp.com\/www.manquepierda.com\/historiarealbetis\/files\/2019\/12\/Ernesto-Pons-3.jpg?fit=497%2C680&ssl=1","jetpack_sharing_enabled":true,"jetpack_shortlink":"https:\/\/wp.me\/p1ij08-iSP","jetpack-related-posts":[],"_links":{"self":[{"href":"https:\/\/www.manquepierda.com\/historiarealbetis\/wp-json\/wp\/v2\/posts\/72591","targetHints":{"allow":["GET"]}}],"collection":[{"href":"https:\/\/www.manquepierda.com\/historiarealbetis\/wp-json\/wp\/v2\/posts"}],"about":[{"href":"https:\/\/www.manquepierda.com\/historiarealbetis\/wp-json\/wp\/v2\/types\/post"}],"author":[{"embeddable":true,"href":"https:\/\/www.manquepierda.com\/historiarealbetis\/wp-json\/wp\/v2\/users\/5"}],"replies":[{"embeddable":true,"href":"https:\/\/www.manquepierda.com\/historiarealbetis\/wp-json\/wp\/v2\/comments?post=72591"}],"version-history":[{"count":0,"href":"https:\/\/www.manquepierda.com\/historiarealbetis\/wp-json\/wp\/v2\/posts\/72591\/revisions"}],"wp:featuredmedia":[{"embeddable":true,"href":"https:\/\/www.manquepierda.com\/historiarealbetis\/wp-json\/wp\/v2\/media\/72592"}],"wp:attachment":[{"href":"https:\/\/www.manquepierda.com\/historiarealbetis\/wp-json\/wp\/v2\/media?parent=72591"}],"wp:term":[{"taxonomy":"category","embeddable":true,"href":"https:\/\/www.manquepierda.com\/historiarealbetis\/wp-json\/wp\/v2\/categories?post=72591"},{"taxonomy":"post_tag","embeddable":true,"href":"https:\/\/www.manquepierda.com\/historiarealbetis\/wp-json\/wp\/v2\/tags?post=72591"}],"curies":[{"name":"wp","href":"https:\/\/api.w.org\/{rel}","templated":true}]}}