{"id":72835,"date":"2019-12-23T09:15:25","date_gmt":"2019-12-23T08:15:25","guid":{"rendered":"http:\/\/www.manquepierda.com\/historiarealbetis\/?p=72835"},"modified":"2019-12-18T15:28:36","modified_gmt":"2019-12-18T14:28:36","slug":"entrevista-sebastian-alabanda-1975","status":"publish","type":"post","link":"https:\/\/www.manquepierda.com\/historiarealbetis\/entrevista-sebastian-alabanda-1975\/","title":{"rendered":"Entrevista Sebasti\u00e1n Alabanda 1975"},"content":{"rendered":"<p><a href=\"https:\/\/i0.wp.com\/www.manquepierda.com\/historiarealbetis\/files\/2019\/12\/Entrevista-Sebasti%C3%A1n-Alabanda-1975.jpg?ssl=1\"><img data-recalc-dims=\"1\" loading=\"lazy\" decoding=\"async\" class=\"aligncenter size-full wp-image-72836\" src=\"https:\/\/i0.wp.com\/www.manquepierda.com\/historiarealbetis\/files\/2019\/12\/Entrevista-Sebasti%C3%A1n-Alabanda-1975.jpg?resize=386%2C441&#038;ssl=1\" alt=\"\" width=\"386\" height=\"441\" srcset=\"https:\/\/i0.wp.com\/www.manquepierda.com\/historiarealbetis\/files\/2019\/12\/Entrevista-Sebasti%C3%A1n-Alabanda-1975.jpg?w=386&amp;ssl=1 386w, https:\/\/i0.wp.com\/www.manquepierda.com\/historiarealbetis\/files\/2019\/12\/Entrevista-Sebasti%C3%A1n-Alabanda-1975.jpg?resize=193%2C220&amp;ssl=1 193w\" sizes=\"auto, (max-width: 386px) 100vw, 386px\" \/><\/a><\/p>\n<p>De diciembre de 1975 es la entrevista que traemos hoy y fue publicada en el semanario deportivo AS Color a cargo del periodista L. Moreno. El protagonista no era otro que Sebasti\u00e1n Alabanda, que en ese momento atravesaba un magn\u00edfico momento de juego.<\/p>\n<p>En ella se rememoraba el encuentro del periodista 3 a\u00f1os antes con Alabanda cuando \u00e9ste milit\u00f3 cedido por el Betis en el Rayo Vallecano, as\u00ed como las posibilidades del centrocampista b\u00e9tico de debutar con la selecci\u00f3n absoluta, despu\u00e9s de haberlo hecho con el equipo ol\u00edmpico. Algo que se producir\u00eda en esta misma temporada, ya que en abril de 1976 se estrenar\u00eda con la selecci\u00f3n absoluta contra Alemania en el Calder\u00f3n.<\/p>\n<p><span style=\"color: #008000\"><em>Recuerdo la tarde que coincid\u00ed con \u00e9l en una de las puertas del estadio de Vallehermoso. Sebasti\u00e1n Alabanda Gonz\u00e1lez mostraba cierta timidez. Una cesi\u00f3n al Rayo, por parte del Betis, era m\u00e1s que suficiente para que este muchacho cordob\u00e9s pensara que los dirigentes del club verdiblanco pretend\u00edan que se curtiera en ciertos avatares. Fue una etapa fugaz. Apenas tres meses, en los que Alabanda no pudo encontrar esa l\u00ednea, recta y sin vericuetos, que dejara una larga estela.<\/em><\/span><\/p>\n<ul>\n<li><span style=\"color: #008000\"><em>No tuve suerte. No me salieron las cosas como yo deseaba. No tuve muchas oportunidades. Pero, se lo puedo asegurar, vine a Madrid con grandes esperanzas de triunfar<\/em><\/span><\/li>\n<li><span style=\"color: #008000\"><em>\u00bfLo logr\u00f3 en el Betis?<\/em><\/span><\/li>\n<li><span style=\"color: #008000\"><em>No me puedo quejar, pero a\u00fan tengo que superarme y dar mucho m\u00e1s de s\u00ed. No es conveniente estancarse. Al contrario, cada domingo lucho a tope. A veces, al llegar al vestuario, pienso que todav\u00eda lo tengo que hacer mejor<\/em><\/span><\/li>\n<\/ul>\n<p><span style=\"color: #008000\"><em>Aquel chiquillo que naci\u00f3 en Posadas el 30 de noviembre de 1950, ingres\u00f3 en el Betis en calidad de infantil. Lleva un largo y amplio recorrido luciendo la el\u00e1stica de los del Villamar\u00edn.<\/em><\/span><\/p>\n<ul>\n<li><span style=\"color: #008000\"><em>\u00bfEst\u00e1 entre los elegidos por m\u00e9ritos propios?<\/em><\/span><\/li>\n<li><span style=\"color: #008000\"><em>Yo creo que s\u00ed, aunque no me concept\u00fao indiscutible. En la actualidad, los compa\u00f1eros que forman la plantilla tienen grandes condiciones. No se puede hablar de titulares y suplentes. Hay uni\u00f3n, armon\u00eda y todos pretendemos actuar en equipo.<\/em><\/span><\/li>\n<li><span style=\"color: #008000\"><em>Un conjunto, el Betis, que camina en la Liga con paso firme<\/em><\/span><\/li>\n<li><span style=\"color: #008000\"><em>Estamos muy ilusionados y con ambiciones. Fuera de casa jugamos bastante bien. Dentro, en nuestro campo, no empezamos la temporada con solidez, pero el triunfo frente al Barcelona nos dio mucha moral<\/em><\/span><\/li>\n<\/ul>\n<p><span style=\"color: #008000\"><em>Se visti\u00f3 de internacional con los ol\u00edmpicos. Fue el punto de origen que anunciaba su consagraci\u00f3n. Sebasti\u00e1n Alabanda no olvida su debut con el equipo nacional.<\/em><\/span><\/p>\n<ul>\n<li><span style=\"color: #008000\"><em>Recuerdo que fue en Valladolid contra Turqu\u00eda. Supuso para m\u00ed una de las mayores alegr\u00edas. En total han sido cinco las veces que jugu\u00e9 con la selecci\u00f3n espa\u00f1ola<\/em><\/span><\/li>\n<li><span style=\"color: #008000\"><em>\u00bfPronto en el equipo A?<\/em><\/span><\/li>\n<li><span style=\"color: #008000\"><em>Eso no depende de m\u00ed. Me sacrifico al m\u00e1ximo para lograr esa meta. Reconozco que hay excelentes jugadores en Espa\u00f1a y que no es f\u00e1cil llegar al primer equipo hispano. Pero como se suele decir, la esperanza es lo \u00faltimo que se pierde. Yo conf\u00edo en que ese sue\u00f1o se haga realidad<\/em><\/span><\/li>\n<li><span style=\"color: #008000\"><em>\u00bfEs una meta?<\/em><\/span><\/li>\n<li><span style=\"color: #008000\"><em>Es lo que desea todo deportista, lucir los colores de su pa\u00eds<\/em><\/span><\/li>\n<\/ul>\n<p><span style=\"color: #008000\"><em>En un entrenamiento cualquiera se subsanan errores y se exponen teor\u00edas. El consejo del t\u00e9cnico tiene como fin el ir adquiriendo experiencia.<\/em><\/span><\/p>\n<ul>\n<li><span style=\"color: #008000\"><em>Han sido varios los preparadores que he tenido. De todos se aprende algo<\/em><\/span><\/li>\n<li><span style=\"color: #008000\"><em>\u00bfRecurre al t\u00f3pico Alabanda?<\/em><\/span><\/li>\n<li><span style=\"color: #008000\"><em>No, le hablo con la verdad por delante<\/em><\/span><\/li>\n<li><span style=\"color: #008000\"><em>\u00bfSzusza?<\/em><\/span><\/li>\n<li><span style=\"color: #008000\"><em>Fue quien me dio la oportunidad en el Betis. Ha sido el que m\u00e1s me ense\u00f1\u00f3. Yo procuro no defraudarle. Es un hombre, y no lo digo porque me pusiera en el equipo, que trabaja a conciencia. Con \u00e9l podremos llegar lejos<\/em><\/span><\/li>\n<li><span style=\"color: #008000\"><em>\u00bfHasta d\u00f3nde?<\/em><\/span><\/li>\n<li><span style=\"color: #008000\"><em>No voy a ser tan ingenuo para decirle que podemos ganar el t\u00edtulo, pero s\u00ed para obtener una clasificaci\u00f3n decorosa. Es decir, quedar entre los siete primeros<\/em><\/span><\/li>\n<li><span style=\"color: #008000\"><em>\u00bfLo ve f\u00e1cil?<\/em><\/span><\/li>\n<li><span style=\"color: #008000\"><em>F\u00e1cil no, aunque tampoco descarto la posibilidad de conseguirlo<\/em><\/span><\/li>\n<\/ul>\n<p><span style=\"color: #008000\"><em>Cantidades que se barajan en los presupuestos de los clubs. Sobre todo en la pretemporada. Nombre que suenan como refuerzos, en ese mundo variopinto de los traspasos.<\/em><\/span><\/p>\n<ul>\n<li><span style=\"color: #008000\"><em>Son muchos a\u00f1os los que llevo en Sevilla. Econ\u00f3mica y deportivamente estoy muy contento en el Betis<\/em><\/span><\/li>\n<li><span style=\"color: #008000\"><em>Y una buena oferta\u2026<\/em><\/span><\/li>\n<li><span style=\"color: #008000\"><em>No se me ha pasado por la imaginaci\u00f3n<\/em><\/span><\/li>\n<li><span style=\"color: #008000\"><em>Supongamos\u2026<\/em><\/span><\/li>\n<li><span style=\"color: #008000\"><em>Ya s\u00e9 a lo que se refiere. A nadie la amarga un dulce. Figurar en un club de los conceptuados grandes es el objetivo de muchos. Si se presentara la ocasi\u00f3n ser\u00eda mi club quien dar\u00eda la \u00faltima palabra. Aunque tambi\u00e9n le digo una cosa, no me importar\u00eda acabar mi vida deportiva en el Betis<\/em><\/span><\/li>\n<\/ul>\n<p><span style=\"color: #008000\"><em>Sigue con su sencillez. No cambi\u00f3 Sebasti\u00e1n Alabanda, a pesar de que su nombre tiene ribetes de fama. Recuerdo aquella tarde que nos encontramos en los aleda\u00f1os de Vallehermoso. Eran los comienzos para, m\u00e1s tarde, asentarse como titular en el once verdiblanco. Es un cordob\u00e9s que triunfa en la ciudad de la Giralda.<\/em><\/span><\/p>\n","protected":false},"excerpt":{"rendered":"<p>De diciembre de 1975 es la entrevista que traemos hoy y fue publicada en el semanario deportivo AS Color a cargo del periodista L. Moreno. El protagonista no era otro que Sebasti\u00e1n Alabanda, que en ese momento atravesaba un magn\u00edfico momento de juego. En ella se rememoraba el encuentro del periodista 3 a\u00f1os antes con&#8230;<\/p>\n","protected":false},"author":5,"featured_media":72836,"comment_status":"open","ping_status":"open","sticky":false,"template":"","format":"standard","meta":{"_kad_post_transparent":"","_kad_post_title":"","_kad_post_layout":"","_kad_post_sidebar_id":"","_kad_post_content_style":"","_kad_post_vertical_padding":"","_kad_post_feature":"","_kad_post_feature_position":"","_kad_post_header":false,"_kad_post_footer":false,"_kad_post_classname":"","_jetpack_memberships_contains_paid_content":false,"footnotes":"","jetpack_publicize_message":"","jetpack_publicize_feature_enabled":true,"jetpack_social_post_already_shared":true,"jetpack_social_options":{"image_generator_settings":{"template":"highway","default_image_id":0,"font":"","enabled":false},"version":2}},"categories":[903,893,1],"tags":[58,2504,1164],"class_list":["post-72835","post","type-post","status-publish","format-standard","has-post-thumbnail","hentry","category-1970-1979","category-jugadores-temas","category-portada","tag-58","tag-1975-76","tag-sebastian-alabanda"],"jetpack_publicize_connections":[],"jetpack_featured_media_url":"https:\/\/i0.wp.com\/www.manquepierda.com\/historiarealbetis\/files\/2019\/12\/Entrevista-Sebasti%C3%A1n-Alabanda-1975.jpg?fit=386%2C441&ssl=1","jetpack_sharing_enabled":true,"jetpack_shortlink":"https:\/\/wp.me\/p1ij08-iWL","jetpack-related-posts":[],"_links":{"self":[{"href":"https:\/\/www.manquepierda.com\/historiarealbetis\/wp-json\/wp\/v2\/posts\/72835","targetHints":{"allow":["GET"]}}],"collection":[{"href":"https:\/\/www.manquepierda.com\/historiarealbetis\/wp-json\/wp\/v2\/posts"}],"about":[{"href":"https:\/\/www.manquepierda.com\/historiarealbetis\/wp-json\/wp\/v2\/types\/post"}],"author":[{"embeddable":true,"href":"https:\/\/www.manquepierda.com\/historiarealbetis\/wp-json\/wp\/v2\/users\/5"}],"replies":[{"embeddable":true,"href":"https:\/\/www.manquepierda.com\/historiarealbetis\/wp-json\/wp\/v2\/comments?post=72835"}],"version-history":[{"count":0,"href":"https:\/\/www.manquepierda.com\/historiarealbetis\/wp-json\/wp\/v2\/posts\/72835\/revisions"}],"wp:featuredmedia":[{"embeddable":true,"href":"https:\/\/www.manquepierda.com\/historiarealbetis\/wp-json\/wp\/v2\/media\/72836"}],"wp:attachment":[{"href":"https:\/\/www.manquepierda.com\/historiarealbetis\/wp-json\/wp\/v2\/media?parent=72835"}],"wp:term":[{"taxonomy":"category","embeddable":true,"href":"https:\/\/www.manquepierda.com\/historiarealbetis\/wp-json\/wp\/v2\/categories?post=72835"},{"taxonomy":"post_tag","embeddable":true,"href":"https:\/\/www.manquepierda.com\/historiarealbetis\/wp-json\/wp\/v2\/tags?post=72835"}],"curies":[{"name":"wp","href":"https:\/\/api.w.org\/{rel}","templated":true}]}}