{"id":72967,"date":"2020-01-03T09:55:07","date_gmt":"2020-01-03T08:55:07","guid":{"rendered":"http:\/\/www.manquepierda.com\/historiarealbetis\/?p=72967"},"modified":"2024-08-09T15:30:24","modified_gmt":"2024-08-09T13:30:24","slug":"alaves-betis-liga-1998","status":"publish","type":"post","link":"https:\/\/www.manquepierda.com\/historiarealbetis\/alaves-betis-liga-1998\/","title":{"rendered":"Alav\u00e9s-Betis Liga 1998"},"content":{"rendered":"<p><a href=\"https:\/\/i0.wp.com\/www.manquepierda.com\/historiarealbetis\/files\/2019\/12\/Alav%C3%A9s-Betis-Liga-1998-Denilson.jpg?ssl=1\"><img data-recalc-dims=\"1\" loading=\"lazy\" decoding=\"async\" class=\"aligncenter size-full wp-image-72968\" src=\"https:\/\/i0.wp.com\/www.manquepierda.com\/historiarealbetis\/files\/2019\/12\/Alav%C3%A9s-Betis-Liga-1998-Denilson.jpg?resize=450%2C350&#038;ssl=1\" alt=\"\" width=\"450\" height=\"350\" srcset=\"https:\/\/i0.wp.com\/www.manquepierda.com\/historiarealbetis\/files\/2019\/12\/Alav%C3%A9s-Betis-Liga-1998-Denilson.jpg?w=450&amp;ssl=1 450w, https:\/\/i0.wp.com\/www.manquepierda.com\/historiarealbetis\/files\/2019\/12\/Alav%C3%A9s-Betis-Liga-1998-Denilson.jpg?resize=220%2C171&amp;ssl=1 220w\" sizes=\"auto, (max-width: 450px) 100vw, 450px\" \/><\/a><\/p>\n<p>El 29 de agosto de 1998 Alav\u00e9s y Betis empatan a 0 en San Mam\u00e9s en el partido de la jornada 1 del campeonato de Liga de Primera Divisi\u00f3n.<\/p>\n<p>En la imagen el delantero brasile\u00f1o Denilson, que ese d\u00eda hac\u00eda su debut oficial con el Betis, persigue un bal\u00f3n junto al defensor alavesista Karmona.<\/p>\n<p>El partido se disput\u00f3 en el campo bilba\u00edno de San Mam\u00e9s por estar a\u00fan realiz\u00e1ndose las obras de acondicionamiento de Mendizorroza.<\/p>\n<p>Jos\u00e9 Manuel Esnal \u00abManel\u00bb entrenaba al Alav\u00e9s y Vicente Cantatore al Betis.<\/p>\n","protected":false},"excerpt":{"rendered":"<p>El 29 de agosto de 1998 Alav\u00e9s y Betis empatan a 0 en San Mam\u00e9s en el partido de la jornada 1 del campeonato de Liga de Primera Divisi\u00f3n. En la imagen el delantero brasile\u00f1o Denilson, que ese d\u00eda hac\u00eda su debut oficial con el Betis, persigue un bal\u00f3n junto al defensor alavesista Karmona. El&#8230;<\/p>\n","protected":false},"author":5,"featured_media":72968,"comment_status":"open","ping_status":"open","sticky":false,"template":"","format":"standard","meta":{"_kad_post_transparent":"","_kad_post_title":"","_kad_post_layout":"","_kad_post_sidebar_id":"","_kad_post_content_style":"","_kad_post_vertical_padding":"","_kad_post_feature":"","_kad_post_feature_position":"","_kad_post_header":false,"_kad_post_footer":false,"_kad_post_classname":"","_jetpack_memberships_contains_paid_content":false,"footnotes":"","jetpack_publicize_message":"","jetpack_publicize_feature_enabled":true,"jetpack_social_post_already_shared":true,"jetpack_social_options":{"image_generator_settings":{"template":"highway","default_image_id":0,"font":"","enabled":false},"version":2}},"categories":[4823,1],"tags":[2413,2414,2418,984,17812],"class_list":["post-72967","post","type-post","status-publish","format-standard","has-post-thumbnail","hentry","category-2000-2009","category-portada","tag-2413","tag-1998-99","tag-denilson-de-oliveira","tag-deportivo-alaves","tag-liga-primera-1998-99"],"jetpack_publicize_connections":[],"jetpack_featured_media_url":"https:\/\/i0.wp.com\/www.manquepierda.com\/historiarealbetis\/files\/2019\/12\/Alav%C3%A9s-Betis-Liga-1998-Denilson.jpg?fit=450%2C350&ssl=1","jetpack_sharing_enabled":true,"jetpack_shortlink":"https:\/\/wp.me\/p1ij08-iYT","jetpack-related-posts":[],"_links":{"self":[{"href":"https:\/\/www.manquepierda.com\/historiarealbetis\/wp-json\/wp\/v2\/posts\/72967","targetHints":{"allow":["GET"]}}],"collection":[{"href":"https:\/\/www.manquepierda.com\/historiarealbetis\/wp-json\/wp\/v2\/posts"}],"about":[{"href":"https:\/\/www.manquepierda.com\/historiarealbetis\/wp-json\/wp\/v2\/types\/post"}],"author":[{"embeddable":true,"href":"https:\/\/www.manquepierda.com\/historiarealbetis\/wp-json\/wp\/v2\/users\/5"}],"replies":[{"embeddable":true,"href":"https:\/\/www.manquepierda.com\/historiarealbetis\/wp-json\/wp\/v2\/comments?post=72967"}],"version-history":[{"count":1,"href":"https:\/\/www.manquepierda.com\/historiarealbetis\/wp-json\/wp\/v2\/posts\/72967\/revisions"}],"predecessor-version":[{"id":95742,"href":"https:\/\/www.manquepierda.com\/historiarealbetis\/wp-json\/wp\/v2\/posts\/72967\/revisions\/95742"}],"wp:featuredmedia":[{"embeddable":true,"href":"https:\/\/www.manquepierda.com\/historiarealbetis\/wp-json\/wp\/v2\/media\/72968"}],"wp:attachment":[{"href":"https:\/\/www.manquepierda.com\/historiarealbetis\/wp-json\/wp\/v2\/media?parent=72967"}],"wp:term":[{"taxonomy":"category","embeddable":true,"href":"https:\/\/www.manquepierda.com\/historiarealbetis\/wp-json\/wp\/v2\/categories?post=72967"},{"taxonomy":"post_tag","embeddable":true,"href":"https:\/\/www.manquepierda.com\/historiarealbetis\/wp-json\/wp\/v2\/tags?post=72967"}],"curies":[{"name":"wp","href":"https:\/\/api.w.org\/{rel}","templated":true}]}}