{"id":73047,"date":"2020-01-10T09:24:24","date_gmt":"2020-01-10T08:24:24","guid":{"rendered":"http:\/\/www.manquepierda.com\/historiarealbetis\/?p=73047"},"modified":"2024-08-12T11:17:21","modified_gmt":"2024-08-12T09:17:21","slug":"bermeo-betis-copa-1999","status":"publish","type":"post","link":"https:\/\/www.manquepierda.com\/historiarealbetis\/bermeo-betis-copa-1999\/","title":{"rendered":"Bermeo-Betis Copa 1999"},"content":{"rendered":"<p><a href=\"https:\/\/i0.wp.com\/www.manquepierda.com\/historiarealbetis\/files\/2020\/01\/Bermeo-Betis-Copa-1999.jpg?ssl=1\"><img data-recalc-dims=\"1\" loading=\"lazy\" decoding=\"async\" class=\"aligncenter size-medium wp-image-73048\" src=\"https:\/\/i0.wp.com\/www.manquepierda.com\/historiarealbetis\/files\/2020\/01\/Bermeo-Betis-Copa-1999.jpg?resize=680%2C432&#038;ssl=1\" alt=\"\" width=\"680\" height=\"432\" srcset=\"https:\/\/i0.wp.com\/www.manquepierda.com\/historiarealbetis\/files\/2020\/01\/Bermeo-Betis-Copa-1999.jpg?resize=680%2C432&amp;ssl=1 680w, https:\/\/i0.wp.com\/www.manquepierda.com\/historiarealbetis\/files\/2020\/01\/Bermeo-Betis-Copa-1999.jpg?resize=960%2C610&amp;ssl=1 960w, https:\/\/i0.wp.com\/www.manquepierda.com\/historiarealbetis\/files\/2020\/01\/Bermeo-Betis-Copa-1999.jpg?resize=220%2C140&amp;ssl=1 220w, https:\/\/i0.wp.com\/www.manquepierda.com\/historiarealbetis\/files\/2020\/01\/Bermeo-Betis-Copa-1999.jpg?resize=768%2C488&amp;ssl=1 768w, https:\/\/i0.wp.com\/www.manquepierda.com\/historiarealbetis\/files\/2020\/01\/Bermeo-Betis-Copa-1999.jpg?w=987&amp;ssl=1 987w\" sizes=\"auto, (max-width: 680px) 100vw, 680px\" \/><\/a><\/p>\n<p>10 de noviembre de 1999 en Itxasgane Bermeo 0 Betis 0; partido de ida de la segunda ronda de la Copa.<\/p>\n<p>En la imagen el jugador b\u00e9tico Benjam\u00edn se duele de una entrada de un jugador local, en un partido en el que los verdiblancos\u00a0 sacaron una alineaci\u00f3n con jugadores poco habituales. Una noche de lluvia y fr\u00eda y en la que un disparo al palo de Oli fue la ocasi\u00f3n m\u00e1s clara del partido.<\/p>\n<p>Tres semanas despu\u00e9s en el partido de vuelta el Betis venci\u00f3 con comodidad 2-0 y se asegur\u00f3 el pase a los octavos de final.<\/p>\n<p>Txomin Garc\u00eda entrenaba al Bermeo y Carlos Timoteo Griguol al Betis.<\/p>\n","protected":false},"excerpt":{"rendered":"<p>10 de noviembre de 1999 en Itxasgane Bermeo 0 Betis 0; partido de ida de la segunda ronda de la Copa. En la imagen el jugador b\u00e9tico Benjam\u00edn se duele de una entrada de un jugador local, en un partido en el que los verdiblancos\u00a0 sacaron una alineaci\u00f3n con jugadores poco habituales. Una noche de&#8230;<\/p>\n","protected":false},"author":5,"featured_media":73048,"comment_status":"open","ping_status":"open","sticky":false,"template":"","format":"standard","meta":{"_kad_post_transparent":"","_kad_post_title":"","_kad_post_layout":"","_kad_post_sidebar_id":"","_kad_post_content_style":"","_kad_post_vertical_padding":"","_kad_post_feature":"","_kad_post_feature_position":"","_kad_post_header":false,"_kad_post_footer":false,"_kad_post_classname":"","_jetpack_memberships_contains_paid_content":false,"footnotes":"","jetpack_publicize_message":"","jetpack_publicize_feature_enabled":true,"jetpack_social_post_already_shared":true,"jetpack_social_options":{"image_generator_settings":{"template":"highway","default_image_id":0,"font":"","enabled":false},"version":2}},"categories":[905,1],"tags":[4449,6731,1121,17003,17987],"class_list":["post-73047","post","type-post","status-publish","format-standard","has-post-thumbnail","hentry","category-1990-1999","category-portada","tag-4449","tag-1999-00","tag-benjamin-zarandona","tag-bermeo-club","tag-copa-1999-00"],"jetpack_publicize_connections":[],"jetpack_featured_media_url":"https:\/\/i0.wp.com\/www.manquepierda.com\/historiarealbetis\/files\/2020\/01\/Bermeo-Betis-Copa-1999.jpg?fit=987%2C627&ssl=1","jetpack_sharing_enabled":true,"jetpack_shortlink":"https:\/\/wp.me\/p1ij08-j0b","jetpack-related-posts":[],"_links":{"self":[{"href":"https:\/\/www.manquepierda.com\/historiarealbetis\/wp-json\/wp\/v2\/posts\/73047","targetHints":{"allow":["GET"]}}],"collection":[{"href":"https:\/\/www.manquepierda.com\/historiarealbetis\/wp-json\/wp\/v2\/posts"}],"about":[{"href":"https:\/\/www.manquepierda.com\/historiarealbetis\/wp-json\/wp\/v2\/types\/post"}],"author":[{"embeddable":true,"href":"https:\/\/www.manquepierda.com\/historiarealbetis\/wp-json\/wp\/v2\/users\/5"}],"replies":[{"embeddable":true,"href":"https:\/\/www.manquepierda.com\/historiarealbetis\/wp-json\/wp\/v2\/comments?post=73047"}],"version-history":[{"count":1,"href":"https:\/\/www.manquepierda.com\/historiarealbetis\/wp-json\/wp\/v2\/posts\/73047\/revisions"}],"predecessor-version":[{"id":96212,"href":"https:\/\/www.manquepierda.com\/historiarealbetis\/wp-json\/wp\/v2\/posts\/73047\/revisions\/96212"}],"wp:featuredmedia":[{"embeddable":true,"href":"https:\/\/www.manquepierda.com\/historiarealbetis\/wp-json\/wp\/v2\/media\/73048"}],"wp:attachment":[{"href":"https:\/\/www.manquepierda.com\/historiarealbetis\/wp-json\/wp\/v2\/media?parent=73047"}],"wp:term":[{"taxonomy":"category","embeddable":true,"href":"https:\/\/www.manquepierda.com\/historiarealbetis\/wp-json\/wp\/v2\/categories?post=73047"},{"taxonomy":"post_tag","embeddable":true,"href":"https:\/\/www.manquepierda.com\/historiarealbetis\/wp-json\/wp\/v2\/tags?post=73047"}],"curies":[{"name":"wp","href":"https:\/\/api.w.org\/{rel}","templated":true}]}}