{"id":73074,"date":"2025-01-17T12:00:00","date_gmt":"2025-01-17T11:00:00","guid":{"rendered":"http:\/\/www.manquepierda.com\/historiarealbetis\/?p=73074"},"modified":"2024-12-11T19:13:27","modified_gmt":"2024-12-11T18:13:27","slug":"hoy-hace-60-anos-valencia-1-betis-2","status":"publish","type":"post","link":"https:\/\/www.manquepierda.com\/historiarealbetis\/hoy-hace-60-anos-valencia-1-betis-2\/","title":{"rendered":"Hoy hace 65 a\u00f1os. Valencia 1 Betis 2."},"content":{"rendered":"<p><a href=\"https:\/\/i0.wp.com\/www.manquepierda.com\/historiarealbetis\/files\/2020\/01\/17-1960-Valencia-1-Betis-2.jpg?ssl=1\"><img data-recalc-dims=\"1\" loading=\"lazy\" decoding=\"async\" class=\"aligncenter size-medium wp-image-73075\" src=\"https:\/\/i0.wp.com\/www.manquepierda.com\/historiarealbetis\/files\/2020\/01\/17-1960-Valencia-1-Betis-2.jpg?resize=680%2C236&#038;ssl=1\" alt=\"\" width=\"680\" height=\"236\" srcset=\"https:\/\/i0.wp.com\/www.manquepierda.com\/historiarealbetis\/files\/2020\/01\/17-1960-Valencia-1-Betis-2.jpg?resize=680%2C236&amp;ssl=1 680w, https:\/\/i0.wp.com\/www.manquepierda.com\/historiarealbetis\/files\/2020\/01\/17-1960-Valencia-1-Betis-2.jpg?resize=960%2C334&amp;ssl=1 960w, https:\/\/i0.wp.com\/www.manquepierda.com\/historiarealbetis\/files\/2020\/01\/17-1960-Valencia-1-Betis-2.jpg?resize=220%2C76&amp;ssl=1 220w, https:\/\/i0.wp.com\/www.manquepierda.com\/historiarealbetis\/files\/2020\/01\/17-1960-Valencia-1-Betis-2.jpg?resize=768%2C267&amp;ssl=1 768w, https:\/\/i0.wp.com\/www.manquepierda.com\/historiarealbetis\/files\/2020\/01\/17-1960-Valencia-1-Betis-2.jpg?w=1088&amp;ssl=1 1088w\" sizes=\"auto, (max-width: 680px) 100vw, 680px\" \/><\/a><\/p>\n<p><span style=\"color: #008000\">El 17 de enero de 1960 en Mestalla el Betis se impone 1-2 al Valencia en encuentro de la jornada 18 del Campeonato de Liga de Primera Divisi\u00f3n.<\/span><\/p>\n<p><span style=\"color: #008000\">Aunque Roberto en el minuto 58 marc\u00f3 el primer gol para los locales, en el 60 empat\u00f3 Rojas y en el 65 Lasa hizo el 1-2.<\/span><\/p>\n<p><span style=\"color: #008000\">El Valencia, entrenado por Otto Bumbel, form\u00f3 con Pesudo; Piquer, S\u00f3crates, Mestre; Roberto, Sendra; Ma\u00f1\u00f3, N\u00fa\u00f1ez, Aveiro, Walter y Joel.<\/span><\/p>\n<p><span style=\"color: #008000\">El Betis, dirigido por Sabino Barinaga, jug\u00f3 con Otero; Grau, R\u00edos, Santos; Bosch, Valderas; Bernit, Lasa, Rojas, Vila y Areta.<\/span><\/p>\n","protected":false},"excerpt":{"rendered":"<p>El 17 de enero de 1960 en Mestalla el Betis se impone 1-2 al Valencia en encuentro de la jornada 18 del Campeonato de Liga de Primera Divisi\u00f3n. Aunque Roberto en el minuto 58 marc\u00f3 el primer gol para los locales, en el 60 empat\u00f3 Rojas y en el 65 Lasa hizo el 1-2. El&#8230;<\/p>\n","protected":false},"author":5,"featured_media":73075,"comment_status":"open","ping_status":"open","sticky":false,"template":"","format":"standard","meta":{"_kad_post_transparent":"","_kad_post_title":"","_kad_post_layout":"","_kad_post_sidebar_id":"","_kad_post_content_style":"","_kad_post_vertical_padding":"","_kad_post_feature":"","_kad_post_feature_position":"","_kad_post_header":false,"_kad_post_footer":false,"_kad_post_classname":"","_jetpack_memberships_contains_paid_content":false,"footnotes":"","jetpack_publicize_message":"","jetpack_publicize_feature_enabled":true,"jetpack_social_post_already_shared":true,"jetpack_social_options":{"image_generator_settings":{"template":"highway","default_image_id":0,"font":"","enabled":false},"version":2}},"categories":[902,14583,1],"tags":[1246,17852,2285],"class_list":["post-73074","post","type-post","status-publish","format-standard","has-post-thumbnail","hentry","category-1960-1969","category-efemerides","category-portada","tag-1246","tag-liga-primera-1959-60","tag-valencia-cf"],"jetpack_publicize_connections":[],"jetpack_featured_media_url":"https:\/\/i0.wp.com\/www.manquepierda.com\/historiarealbetis\/files\/2020\/01\/17-1960-Valencia-1-Betis-2.jpg?fit=1088%2C378&ssl=1","jetpack_sharing_enabled":true,"jetpack_shortlink":"https:\/\/wp.me\/p1ij08-j0C","jetpack-related-posts":[],"_links":{"self":[{"href":"https:\/\/www.manquepierda.com\/historiarealbetis\/wp-json\/wp\/v2\/posts\/73074","targetHints":{"allow":["GET"]}}],"collection":[{"href":"https:\/\/www.manquepierda.com\/historiarealbetis\/wp-json\/wp\/v2\/posts"}],"about":[{"href":"https:\/\/www.manquepierda.com\/historiarealbetis\/wp-json\/wp\/v2\/types\/post"}],"author":[{"embeddable":true,"href":"https:\/\/www.manquepierda.com\/historiarealbetis\/wp-json\/wp\/v2\/users\/5"}],"replies":[{"embeddable":true,"href":"https:\/\/www.manquepierda.com\/historiarealbetis\/wp-json\/wp\/v2\/comments?post=73074"}],"version-history":[{"count":2,"href":"https:\/\/www.manquepierda.com\/historiarealbetis\/wp-json\/wp\/v2\/posts\/73074\/revisions"}],"predecessor-version":[{"id":101316,"href":"https:\/\/www.manquepierda.com\/historiarealbetis\/wp-json\/wp\/v2\/posts\/73074\/revisions\/101316"}],"wp:featuredmedia":[{"embeddable":true,"href":"https:\/\/www.manquepierda.com\/historiarealbetis\/wp-json\/wp\/v2\/media\/73075"}],"wp:attachment":[{"href":"https:\/\/www.manquepierda.com\/historiarealbetis\/wp-json\/wp\/v2\/media?parent=73074"}],"wp:term":[{"taxonomy":"category","embeddable":true,"href":"https:\/\/www.manquepierda.com\/historiarealbetis\/wp-json\/wp\/v2\/categories?post=73074"},{"taxonomy":"post_tag","embeddable":true,"href":"https:\/\/www.manquepierda.com\/historiarealbetis\/wp-json\/wp\/v2\/tags?post=73074"}],"curies":[{"name":"wp","href":"https:\/\/api.w.org\/{rel}","templated":true}]}}