{"id":73091,"date":"2020-01-14T09:47:05","date_gmt":"2020-01-14T08:47:05","guid":{"rendered":"http:\/\/www.manquepierda.com\/historiarealbetis\/?p=73091"},"modified":"2020-11-09T13:15:25","modified_gmt":"2020-11-09T12:15:25","slug":"mark-gonzalez","status":"publish","type":"post","link":"https:\/\/www.manquepierda.com\/historiarealbetis\/mark-gonzalez\/","title":{"rendered":"Mark Gonz\u00e1lez"},"content":{"rendered":"<p><a href=\"https:\/\/i0.wp.com\/www.manquepierda.com\/historiarealbetis\/files\/2020\/01\/Mark-Gonz%C3%A1lez.jpg?ssl=1\"><img data-recalc-dims=\"1\" loading=\"lazy\" decoding=\"async\" class=\"aligncenter size-full wp-image-73092\" src=\"https:\/\/i0.wp.com\/www.manquepierda.com\/historiarealbetis\/files\/2020\/01\/Mark-Gonz%C3%A1lez.jpg?resize=441%2C481&#038;ssl=1\" alt=\"\" width=\"441\" height=\"481\" srcset=\"https:\/\/i0.wp.com\/www.manquepierda.com\/historiarealbetis\/files\/2020\/01\/Mark-Gonz%C3%A1lez.jpg?w=441&amp;ssl=1 441w, https:\/\/i0.wp.com\/www.manquepierda.com\/historiarealbetis\/files\/2020\/01\/Mark-Gonz%C3%A1lez.jpg?resize=202%2C220&amp;ssl=1 202w\" sizes=\"auto, (max-width: 441px) 100vw, 441px\" \/><\/a><\/p>\n<p><strong>Mark Gonz\u00e1lez Hoffman<\/strong>, nacido en Durban (Sud\u00e1frica) el 10 de julio de 1984.<\/p>\n<p>Extremo izquierda.<\/p>\n<p>Debuta en la m\u00e1xima categor\u00eda del f\u00fatbol chileno en 2002 con Universidad Cat\u00f3lica y al a\u00f1o siguiente ya fue convocado y debut\u00f3 con la selecci\u00f3n chilena.<\/p>\n<p>En 2004 es traspasado al Albacete, donde triunfa aunque sufre una grave lesi\u00f3n en la rodilla izquierda cuando finalizaba la temporada 2004-05, que lo aparta del terreno de juego durante 9 meses. El Liverpool lo ficha a pesar de su lesi\u00f3n y lo cede en enero de 2006 a la Real Sociedad donde realiza un brillante papel. En el equipo ingl\u00e9s en la temporada 2006-07 jug\u00f3 de forma intermitente, siendo afectado de nuevo por una lesi\u00f3n importante.<\/p>\n<p>En julio de 2007 ficha por el Betis. Su debut se produjo el 27 de julio en un amistoso contra el Ceuta y su debut oficial el 2 de septiembre de 2007 en el Betis-Espanyol de la segunda jornada de Liga cuando sustituy\u00f3 a Juan Pablo Caffa en el minuto 63. Fue el autor del gol en el partido del Centenario contra el Milan en agosto de 2007.<\/p>\n<p>Durante sus dos temporadas en el Betis altern\u00f3 grandes actuaciones y goles de calidad con periodos de bajo rendimiento, adem\u00e1s de una gran propensi\u00f3n a sufrir bastantes lesiones. En agosto de 2009, con el club liquidando&nbsp; a sus mejores futbolistas tras el descenso, fue traspasado al CSKA de Mosc\u00fa, donde jug\u00f3 5 temporadas, antes de regresar en 2014 a Universidad Cat\u00f3lica de Chile. Recife, Colo-Colo y Magallanes ser\u00edan sus \u00faltimos equipos antes de retirarse en noviembre de 1919.<\/p>\n<p>Historial<\/p>\n<table width=\"269\">\n<tbody>\n<tr>\n<td width=\"80\">2002<\/td>\n<td width=\"91\">Univ.Cat\u00f3lica<\/td>\n<td width=\"98\">Primera<\/td>\n<\/tr>\n<tr>\n<td>2003<\/td>\n<td>Univ.Cat\u00f3lica<\/td>\n<td>Primera<\/td>\n<\/tr>\n<tr>\n<td>2004<\/td>\n<td>Univ.Cat\u00f3lica<\/td>\n<td>Primera<\/td>\n<\/tr>\n<tr>\n<td>2004-05<\/td>\n<td>Albacete<\/td>\n<td>Primera<\/td>\n<\/tr>\n<tr>\n<td>2005-06<\/td>\n<td>Real Sociedad<\/td>\n<td>Primera<\/td>\n<\/tr>\n<tr>\n<td>2006-07<\/td>\n<td>Liverpool<\/td>\n<td>Primera<\/td>\n<\/tr>\n<tr>\n<td>2007-08<\/td>\n<td>Betis<\/td>\n<td>Primera<\/td>\n<\/tr>\n<tr>\n<td>2008-09<\/td>\n<td>Betis<\/td>\n<td>Primera<\/td>\n<\/tr>\n<tr>\n<td>2009-10<\/td>\n<td>CSKA Mosc\u00fa<\/td>\n<td>Primera<\/td>\n<\/tr>\n<tr>\n<td>2010-11<\/td>\n<td>CSKA Mosc\u00fa<\/td>\n<td>Primera<\/td>\n<\/tr>\n<tr>\n<td>2011-12<\/td>\n<td>CSKA Mosc\u00fa<\/td>\n<td>Primera<\/td>\n<\/tr>\n<tr>\n<td>2012-13<\/td>\n<td>CSKA Mosc\u00fa<\/td>\n<td>Primera<\/td>\n<\/tr>\n<tr>\n<td>2013-14<\/td>\n<td>CSKA Mosc\u00fa<\/td>\n<td>Primera<\/td>\n<\/tr>\n<tr>\n<td>2014<\/td>\n<td>Univ.Cat\u00f3lica<\/td>\n<td>Primera<\/td>\n<\/tr>\n<tr>\n<td>2015<\/td>\n<td>Univ.Cat\u00f3lica<\/td>\n<td>Primera<\/td>\n<\/tr>\n<tr>\n<td>2016<\/td>\n<td>Recife<\/td>\n<td>Primera<\/td>\n<\/tr>\n<tr>\n<td>2017<\/td>\n<td>Colo Colo<\/td>\n<td>Primera<\/td>\n<\/tr>\n<tr>\n<td>2018<\/td>\n<td>Magallanes<\/td>\n<td>Segunda<\/td>\n<\/tr>\n<tr>\n<td>2019<\/td>\n<td>Magallanes<\/td>\n<td>Segunda<\/td>\n<\/tr>\n<\/tbody>\n<\/table>\n<p>En sus 2 temporadas en el Betis Mark Gonz\u00e1lez jug\u00f3 44 partidos de Liga, marcando 10 goles, 2 de Copa, donde hizo 1 tanto, y 9 amistosos en los que hizo 3 goles.<\/p>\n<p>Internacional con la selecci\u00f3n absoluta de Chile en 56 partidos, de los que en 16 ocasiones era jugador del Betis.<\/p>\n","protected":false},"excerpt":{"rendered":"<p>Mark Gonz\u00e1lez Hoffman, nacido en Durban (Sud\u00e1frica) el 10 de julio de 1984. Extremo izquierda. Debuta en la m\u00e1xima categor\u00eda del f\u00fatbol chileno en 2002 con Universidad Cat\u00f3lica y al a\u00f1o siguiente ya fue convocado y debut\u00f3 con la selecci\u00f3n chilena. En 2004 es traspasado al Albacete, donde triunfa aunque sufre una grave lesi\u00f3n en&#8230;<\/p>\n","protected":false},"author":5,"featured_media":73092,"comment_status":"open","ping_status":"open","sticky":false,"template":"","format":"standard","meta":{"_kad_post_transparent":"","_kad_post_title":"","_kad_post_layout":"","_kad_post_sidebar_id":"","_kad_post_content_style":"","_kad_post_vertical_padding":"","_kad_post_feature":"","_kad_post_feature_position":"","_kad_post_header":false,"_kad_post_footer":false,"_kad_post_classname":"","_jetpack_memberships_contains_paid_content":false,"footnotes":"","jetpack_publicize_message":"","jetpack_publicize_feature_enabled":true,"jetpack_social_post_already_shared":true,"jetpack_social_options":{"image_generator_settings":{"template":"highway","default_image_id":0,"font":"","enabled":false},"version":2}},"categories":[893,1],"tags":[4048],"class_list":["post-73091","post","type-post","status-publish","format-standard","has-post-thumbnail","hentry","category-jugadores-temas","category-portada","tag-mark-gonzalez"],"jetpack_publicize_connections":[],"jetpack_featured_media_url":"https:\/\/i0.wp.com\/www.manquepierda.com\/historiarealbetis\/files\/2020\/01\/Mark-Gonz%C3%A1lez.jpg?fit=441%2C481&ssl=1","jetpack_sharing_enabled":true,"jetpack_shortlink":"https:\/\/wp.me\/p1ij08-j0T","jetpack-related-posts":[],"_links":{"self":[{"href":"https:\/\/www.manquepierda.com\/historiarealbetis\/wp-json\/wp\/v2\/posts\/73091","targetHints":{"allow":["GET"]}}],"collection":[{"href":"https:\/\/www.manquepierda.com\/historiarealbetis\/wp-json\/wp\/v2\/posts"}],"about":[{"href":"https:\/\/www.manquepierda.com\/historiarealbetis\/wp-json\/wp\/v2\/types\/post"}],"author":[{"embeddable":true,"href":"https:\/\/www.manquepierda.com\/historiarealbetis\/wp-json\/wp\/v2\/users\/5"}],"replies":[{"embeddable":true,"href":"https:\/\/www.manquepierda.com\/historiarealbetis\/wp-json\/wp\/v2\/comments?post=73091"}],"version-history":[{"count":0,"href":"https:\/\/www.manquepierda.com\/historiarealbetis\/wp-json\/wp\/v2\/posts\/73091\/revisions"}],"wp:featuredmedia":[{"embeddable":true,"href":"https:\/\/www.manquepierda.com\/historiarealbetis\/wp-json\/wp\/v2\/media\/73092"}],"wp:attachment":[{"href":"https:\/\/www.manquepierda.com\/historiarealbetis\/wp-json\/wp\/v2\/media?parent=73091"}],"wp:term":[{"taxonomy":"category","embeddable":true,"href":"https:\/\/www.manquepierda.com\/historiarealbetis\/wp-json\/wp\/v2\/categories?post=73091"},{"taxonomy":"post_tag","embeddable":true,"href":"https:\/\/www.manquepierda.com\/historiarealbetis\/wp-json\/wp\/v2\/tags?post=73091"}],"curies":[{"name":"wp","href":"https:\/\/api.w.org\/{rel}","templated":true}]}}