{"id":73335,"date":"2025-02-05T12:00:00","date_gmt":"2025-02-05T11:00:00","guid":{"rendered":"http:\/\/www.manquepierda.com\/historiarealbetis\/?p=73335"},"modified":"2025-01-27T06:57:17","modified_gmt":"2025-01-27T05:57:17","slug":"hoy-hace-20-anos-debut-de-guus-hiddink","status":"publish","type":"post","link":"https:\/\/www.manquepierda.com\/historiarealbetis\/hoy-hace-20-anos-debut-de-guus-hiddink\/","title":{"rendered":"Hoy hace 25 a\u00f1os. Debut de Guus Hiddink."},"content":{"rendered":"<p><a href=\"https:\/\/i0.wp.com\/www.manquepierda.com\/historiarealbetis\/files\/2020\/01\/5-2000-Debut-de-Guus-Hiddink.jpg?ssl=1\"><img data-recalc-dims=\"1\" loading=\"lazy\" decoding=\"async\" class=\"aligncenter size-medium wp-image-73336\" src=\"https:\/\/i0.wp.com\/www.manquepierda.com\/historiarealbetis\/files\/2020\/01\/5-2000-Debut-de-Guus-Hiddink.jpg?resize=575%2C600&#038;ssl=1\" alt=\"\" width=\"575\" height=\"600\" srcset=\"https:\/\/i0.wp.com\/www.manquepierda.com\/historiarealbetis\/files\/2020\/01\/5-2000-Debut-de-Guus-Hiddink.jpg?resize=575%2C600&amp;ssl=1 575w, https:\/\/i0.wp.com\/www.manquepierda.com\/historiarealbetis\/files\/2020\/01\/5-2000-Debut-de-Guus-Hiddink.jpg?resize=671%2C700&amp;ssl=1 671w, https:\/\/i0.wp.com\/www.manquepierda.com\/historiarealbetis\/files\/2020\/01\/5-2000-Debut-de-Guus-Hiddink.jpg?resize=211%2C220&amp;ssl=1 211w, https:\/\/i0.wp.com\/www.manquepierda.com\/historiarealbetis\/files\/2020\/01\/5-2000-Debut-de-Guus-Hiddink.jpg?w=706&amp;ssl=1 706w\" sizes=\"auto, (max-width: 575px) 100vw, 575px\" \/><\/a><\/p>\n<p><span style=\"color: #008000\">El 5 de febrero de 2000 debuta en partido oficial como entrenador del Real Betis Balompi\u00e9 el t\u00e9cnico holand\u00e9s Guus Hiddink, en el partido que enfrenta en Mestalla a Valencia y Betis en la jornada 23 del Campeonato de Liga de Primera Divisi\u00f3n.<\/span><\/p>\n<p><span style=\"color: #008000\">Hiddink hab\u00eda llegado al Betis 4 d\u00edas antes en sustituci\u00f3n del argentino Carlos Timoteo Griguol, y con la misi\u00f3n de enderezar la situaci\u00f3n del conjunto verdiblanco, al borde de los puestos de descenso.<\/span><\/p>\n<p><span style=\"color: #008000\">Su paso por el Betis no fue nada bueno, pues en 13 jornadas s\u00f3lo gan\u00f3 1 partido, empatando 6 y perdiendo 6, dejando al equipo en la jornada 35 en puestos de descenso directo.<\/span><\/p>\n","protected":false},"excerpt":{"rendered":"<p>El 5 de febrero de 2000 debuta en partido oficial como entrenador del Real Betis Balompi\u00e9 el t\u00e9cnico holand\u00e9s Guus Hiddink, en el partido que enfrenta en Mestalla a Valencia y Betis en la jornada 23 del Campeonato de Liga de Primera Divisi\u00f3n. Hiddink hab\u00eda llegado al Betis 4 d\u00edas antes en sustituci\u00f3n del argentino&#8230;<\/p>\n","protected":false},"author":5,"featured_media":73336,"comment_status":"open","ping_status":"open","sticky":false,"template":"","format":"standard","meta":{"_kad_post_transparent":"","_kad_post_title":"","_kad_post_layout":"","_kad_post_sidebar_id":"","_kad_post_content_style":"","_kad_post_vertical_padding":"","_kad_post_feature":"","_kad_post_feature_position":"","_kad_post_header":false,"_kad_post_footer":false,"_kad_post_classname":"","_jetpack_memberships_contains_paid_content":false,"footnotes":"","jetpack_publicize_message":"","jetpack_publicize_feature_enabled":true,"jetpack_social_post_already_shared":true,"jetpack_social_options":{"image_generator_settings":{"template":"highway","default_image_id":0,"font":"","enabled":false},"version":2}},"categories":[4823,14583,1],"tags":[6730,4086,17858],"class_list":["post-73335","post","type-post","status-publish","format-standard","has-post-thumbnail","hentry","category-2000-2009","category-efemerides","category-portada","tag-6730","tag-guus-hiddink","tag-liga-primera-1999-00"],"jetpack_publicize_connections":[],"jetpack_featured_media_url":"https:\/\/i0.wp.com\/www.manquepierda.com\/historiarealbetis\/files\/2020\/01\/5-2000-Debut-de-Guus-Hiddink.jpg?fit=706%2C737&ssl=1","jetpack_sharing_enabled":true,"jetpack_shortlink":"https:\/\/wp.me\/p1ij08-j4P","jetpack-related-posts":[],"_links":{"self":[{"href":"https:\/\/www.manquepierda.com\/historiarealbetis\/wp-json\/wp\/v2\/posts\/73335","targetHints":{"allow":["GET"]}}],"collection":[{"href":"https:\/\/www.manquepierda.com\/historiarealbetis\/wp-json\/wp\/v2\/posts"}],"about":[{"href":"https:\/\/www.manquepierda.com\/historiarealbetis\/wp-json\/wp\/v2\/types\/post"}],"author":[{"embeddable":true,"href":"https:\/\/www.manquepierda.com\/historiarealbetis\/wp-json\/wp\/v2\/users\/5"}],"replies":[{"embeddable":true,"href":"https:\/\/www.manquepierda.com\/historiarealbetis\/wp-json\/wp\/v2\/comments?post=73335"}],"version-history":[{"count":2,"href":"https:\/\/www.manquepierda.com\/historiarealbetis\/wp-json\/wp\/v2\/posts\/73335\/revisions"}],"predecessor-version":[{"id":101722,"href":"https:\/\/www.manquepierda.com\/historiarealbetis\/wp-json\/wp\/v2\/posts\/73335\/revisions\/101722"}],"wp:featuredmedia":[{"embeddable":true,"href":"https:\/\/www.manquepierda.com\/historiarealbetis\/wp-json\/wp\/v2\/media\/73336"}],"wp:attachment":[{"href":"https:\/\/www.manquepierda.com\/historiarealbetis\/wp-json\/wp\/v2\/media?parent=73335"}],"wp:term":[{"taxonomy":"category","embeddable":true,"href":"https:\/\/www.manquepierda.com\/historiarealbetis\/wp-json\/wp\/v2\/categories?post=73335"},{"taxonomy":"post_tag","embeddable":true,"href":"https:\/\/www.manquepierda.com\/historiarealbetis\/wp-json\/wp\/v2\/tags?post=73335"}],"curies":[{"name":"wp","href":"https:\/\/api.w.org\/{rel}","templated":true}]}}