{"id":73339,"date":"2025-02-06T12:00:00","date_gmt":"2025-02-06T11:00:00","guid":{"rendered":"http:\/\/www.manquepierda.com\/historiarealbetis\/?p=73339"},"modified":"2025-01-27T06:57:26","modified_gmt":"2025-01-27T05:57:26","slug":"hoy-hace-30-anos-fallece-eugenio-vazquez","status":"publish","type":"post","link":"https:\/\/www.manquepierda.com\/historiarealbetis\/hoy-hace-30-anos-fallece-eugenio-vazquez\/","title":{"rendered":"Hoy hace 35 a\u00f1os. Fallece Eugenio V\u00e1zquez."},"content":{"rendered":"<p><a href=\"https:\/\/i0.wp.com\/www.manquepierda.com\/historiarealbetis\/files\/2020\/01\/6-1990-Fallece-Eugenio-V%C3%A1zquez.jpg?ssl=1\"><img data-recalc-dims=\"1\" loading=\"lazy\" decoding=\"async\" class=\"aligncenter size-full wp-image-73340\" src=\"https:\/\/i0.wp.com\/www.manquepierda.com\/historiarealbetis\/files\/2020\/01\/6-1990-Fallece-Eugenio-V%C3%A1zquez.jpg?resize=182%2C378&#038;ssl=1\" alt=\"\" width=\"182\" height=\"378\" srcset=\"https:\/\/i0.wp.com\/www.manquepierda.com\/historiarealbetis\/files\/2020\/01\/6-1990-Fallece-Eugenio-V%C3%A1zquez.jpg?w=182&amp;ssl=1 182w, https:\/\/i0.wp.com\/www.manquepierda.com\/historiarealbetis\/files\/2020\/01\/6-1990-Fallece-Eugenio-V%C3%A1zquez.jpg?resize=106%2C220&amp;ssl=1 106w\" sizes=\"auto, (max-width: 182px) 100vw, 182px\" \/><\/a><\/p>\n<p><span style=\"color: #008000\">El 6 de febrero de 1990 fallece en Sevilla a los 57 a\u00f1os Eugenio V\u00e1zquez L\u00f3pez, quien fuera jugador del Real Betis Balompi\u00e9 entre los a\u00f1os 1951 y 1954.<\/span><\/p>\n<p><span style=\"color: #008000\">Delantero que lleg\u00f3 procedente del CD Alcal\u00e1 en los a\u00f1os de la Tercera Divisi\u00f3n, y que tuvo un papel protagonista en su primera campa\u00f1a.<\/span><\/p>\n","protected":false},"excerpt":{"rendered":"<p>El 6 de febrero de 1990 fallece en Sevilla a los 57 a\u00f1os Eugenio V\u00e1zquez L\u00f3pez, quien fuera jugador del Real Betis Balompi\u00e9 entre los a\u00f1os 1951 y 1954. Delantero que lleg\u00f3 procedente del CD Alcal\u00e1 en los a\u00f1os de la Tercera Divisi\u00f3n, y que tuvo un papel protagonista en su primera campa\u00f1a.<\/p>\n","protected":false},"author":5,"featured_media":73340,"comment_status":"open","ping_status":"open","sticky":false,"template":"","format":"standard","meta":{"_kad_post_transparent":"","_kad_post_title":"","_kad_post_layout":"","_kad_post_sidebar_id":"","_kad_post_content_style":"","_kad_post_vertical_padding":"","_kad_post_feature":"","_kad_post_feature_position":"","_kad_post_header":false,"_kad_post_footer":false,"_kad_post_classname":"","_jetpack_memberships_contains_paid_content":false,"footnotes":"","jetpack_publicize_message":"","jetpack_publicize_feature_enabled":true,"jetpack_social_post_already_shared":true,"jetpack_social_options":{"image_generator_settings":{"template":"highway","default_image_id":0,"font":"","enabled":false},"version":2}},"categories":[905,14583,1],"tags":[4663],"class_list":["post-73339","post","type-post","status-publish","format-standard","has-post-thumbnail","hentry","category-1990-1999","category-efemerides","category-portada","tag-eugenio-vazquez"],"jetpack_publicize_connections":[],"jetpack_featured_media_url":"https:\/\/i0.wp.com\/www.manquepierda.com\/historiarealbetis\/files\/2020\/01\/6-1990-Fallece-Eugenio-V%C3%A1zquez.jpg?fit=182%2C378&ssl=1","jetpack_sharing_enabled":true,"jetpack_shortlink":"https:\/\/wp.me\/p1ij08-j4T","jetpack-related-posts":[],"_links":{"self":[{"href":"https:\/\/www.manquepierda.com\/historiarealbetis\/wp-json\/wp\/v2\/posts\/73339","targetHints":{"allow":["GET"]}}],"collection":[{"href":"https:\/\/www.manquepierda.com\/historiarealbetis\/wp-json\/wp\/v2\/posts"}],"about":[{"href":"https:\/\/www.manquepierda.com\/historiarealbetis\/wp-json\/wp\/v2\/types\/post"}],"author":[{"embeddable":true,"href":"https:\/\/www.manquepierda.com\/historiarealbetis\/wp-json\/wp\/v2\/users\/5"}],"replies":[{"embeddable":true,"href":"https:\/\/www.manquepierda.com\/historiarealbetis\/wp-json\/wp\/v2\/comments?post=73339"}],"version-history":[{"count":1,"href":"https:\/\/www.manquepierda.com\/historiarealbetis\/wp-json\/wp\/v2\/posts\/73339\/revisions"}],"predecessor-version":[{"id":101723,"href":"https:\/\/www.manquepierda.com\/historiarealbetis\/wp-json\/wp\/v2\/posts\/73339\/revisions\/101723"}],"wp:featuredmedia":[{"embeddable":true,"href":"https:\/\/www.manquepierda.com\/historiarealbetis\/wp-json\/wp\/v2\/media\/73340"}],"wp:attachment":[{"href":"https:\/\/www.manquepierda.com\/historiarealbetis\/wp-json\/wp\/v2\/media?parent=73339"}],"wp:term":[{"taxonomy":"category","embeddable":true,"href":"https:\/\/www.manquepierda.com\/historiarealbetis\/wp-json\/wp\/v2\/categories?post=73339"},{"taxonomy":"post_tag","embeddable":true,"href":"https:\/\/www.manquepierda.com\/historiarealbetis\/wp-json\/wp\/v2\/tags?post=73339"}],"curies":[{"name":"wp","href":"https:\/\/api.w.org\/{rel}","templated":true}]}}