{"id":73392,"date":"2020-02-03T09:38:00","date_gmt":"2020-02-03T08:38:00","guid":{"rendered":"http:\/\/www.manquepierda.com\/historiarealbetis\/?p=73392"},"modified":"2020-02-03T00:22:33","modified_gmt":"2020-02-02T23:22:33","slug":"entrevista-lopez-alabanda-y-cardenosa-1977","status":"publish","type":"post","link":"https:\/\/www.manquepierda.com\/historiarealbetis\/entrevista-lopez-alabanda-y-cardenosa-1977\/","title":{"rendered":"Entrevista L\u00f3pez, Alabanda y Carde\u00f1osa 1977"},"content":{"rendered":"\n<figure class=\"wp-block-image size-large\"><img data-recalc-dims=\"1\" loading=\"lazy\" decoding=\"async\" width=\"696\" height=\"457\" src=\"https:\/\/i0.wp.com\/www.manquepierda.com\/historiarealbetis\/files\/2020\/01\/Entrevista-L%C3%B3pez-Alabanda-y-carde%C3%B1osa-1977-NMP-Marca-28-11-1977.jpg?resize=696%2C457&#038;ssl=1\" alt=\"\" class=\"wp-image-73393\" srcset=\"https:\/\/i0.wp.com\/www.manquepierda.com\/historiarealbetis\/files\/2020\/01\/Entrevista-L%C3%B3pez-Alabanda-y-carde%C3%B1osa-1977-NMP-Marca-28-11-1977.jpg?w=696&amp;ssl=1 696w, https:\/\/i0.wp.com\/www.manquepierda.com\/historiarealbetis\/files\/2020\/01\/Entrevista-L%C3%B3pez-Alabanda-y-carde%C3%B1osa-1977-NMP-Marca-28-11-1977.jpg?resize=680%2C446&amp;ssl=1 680w, https:\/\/i0.wp.com\/www.manquepierda.com\/historiarealbetis\/files\/2020\/01\/Entrevista-L%C3%B3pez-Alabanda-y-carde%C3%B1osa-1977-NMP-Marca-28-11-1977.jpg?resize=220%2C144&amp;ssl=1 220w\" sizes=\"auto, (max-width: 696px) 100vw, 696px\" \/><\/figure>\n\n\n\n<p>El 30 de noviembre de 1977 en un partido dram\u00e1tico en Belgrado la selecci\u00f3n espa\u00f1ola se jugaba participar en la fase final del Campeonato del Mundo que se iba a celebrar en Argentina en el verano de 1978. Espa\u00f1a no se hab\u00eda clasificado ni para la fase final de M\u00e9xico en 1970 ni para la de Alemania en 1974, por lo que era imprescindible para la buena salud y competitividad del f\u00fatbol espa\u00f1ol volver a las grandes citas del f\u00fatbol mundial.<\/p>\n\n\n\n<p>Para este importante partido el seleccionador Ladislao Kubala dio su brazo a torcer y por primera vez cit\u00f3 a Julio Carde\u00f1osa, quien tendr\u00eda una participaci\u00f3n decisiva, al ser el autor del centro que remat\u00f3 Rub\u00e9n Cano y que supuso la victoria de la selecci\u00f3n y su clasificaci\u00f3n definitiva. Pero no fue el \u00fanico jugador del Betis presente esa tarde en el Peque\u00f1o Maracan\u00e1 de Belgrado. Tambi\u00e9n estuvieron convocados los otros dos integrantes de la media verdiblanca, Javier L\u00f3pez y Sebasti\u00e1n Alabanda, que ya hab\u00edan debutado anteriormente con el primer equipo espa\u00f1ol.<\/p>\n\n\n\n<p>En esta entrevista publicada en Marca el 28 de noviembre, tras el \u00faltimo entrenamiento en la ciudad deportiva del Real Madrid, los tres jugadores b\u00e9ticos expresaban sus \u00faltimas opiniones, en el mismo d\u00eda en que partieron hacia la capital yugoslava.   <\/p>\n\n\n\n<p style=\"color:#00a33c\" class=\"has-text-color\"><em>Alabanda, L\u00f3pez y Carde\u00f1osa forman el tr\u00edo del nuevo Eurobetis entre los seleccionados de Kubala. Tres centrocampistas que mientras no se demuestre lo contrario, (es decir, hasta que Kubala disipe las dudas) tienen tantas posibilidades como el que m\u00e1s de defender el pabell\u00f3n futbol\u00edstico espa\u00f1ol en el trascendental encuentro de Belgrado. Apenas quedan cuarenta y ocho horas para saber si estaremos o no en Argentina. Cuando se produce la charla con los tres jugadores b\u00e9ticos, ha finalizado el \u00faltimo ensayo de la selecci\u00f3n, y el autocar espera para devolverles a la concentraci\u00f3n.<\/em><\/p>\n\n\n\n<p style=\"color:#00a33c\" class=\"has-text-color\"><strong><em>Alabanda, el optimismo<\/em><\/strong><\/p>\n\n\n\n<p style=\"color:#00a33c\" class=\"has-text-color\"><em>Es Alabanda el primero en prestarse a la charla. Al margen de sus cualidades futbol\u00edsticas, que las tiene, dicen que su mejor virtud es la alegr\u00eda a base de esa gracia andaluza con la que viene&nbsp; poniendo la nota simp\u00e1tica y desenfadada en la mon\u00f3tona concentraci\u00f3n.<\/em><\/p>\n\n\n\n<p style=\"color:#00a33c\" class=\"has-text-color\"><em>Algo hay que hacer para entretenerse. No vamos a estar pensando todo el tiempo en los yugoslavos esos. Lo mejor es tratar de distraerse lo m\u00e1s posible, que para sufrir y pasar nervios ya habr\u00e1 tiempo a partir de la una y media del mi\u00e9rcoles<\/em><\/p>\n\n\n\n<p style=\"color:#00a33c\" class=\"has-text-color\"><em>\u00bfTan negro lo ves?<\/em><\/p>\n\n\n\n<p style=\"color:#00a33c\" class=\"has-text-color\"><em>\u00bfYo? \u00a1Nada. Hombre\u00a1 A los yugoslavos esos les ganamos sea como sea. Estamos fen\u00f3meno, de verdad. Tenemos una moral tremenda y ser\u00e1 muy dif\u00edcil que nos chafen el viaje a Argentina<\/em><\/p>\n\n\n\n<p style=\"color:#00a33c\" class=\"has-text-color\"><em>Como buen andaluz, Alabanda no quiere hacer pron\u00f3sticos, por aquello de la mala suerte. Pero s\u00ed se atreve, ahora m\u00e1s en serio, a dar su opini\u00f3n sobre c\u00f3mo deber\u00eda salir Espa\u00f1a<\/em><\/p>\n\n\n\n<p style=\"color:#00a33c\" class=\"has-text-color\"><em>Tenemos m\u00e1s posibilidades que ellos, porque hasta nos basta con perder por un gol. Ahora bien, esto no quiere decir que haya que ir tan solo a defenderse. Yo creo que hay que salir con ambiciones, pero sin descuidar la defensa, porque lo realmente importante es que no nos hagan goles<\/em><\/p>\n\n\n\n<p style=\"color:#00a33c\" class=\"has-text-color\"><em>Las previsiones apuntan una l\u00ednea defensiva en la que no figura Alabanda. \u00bfLe desmoraliza que no cuenten con usted?<\/em><\/p>\n\n\n\n<p style=\"color:#00a33c\" class=\"has-text-color\"><em>Mire, lo realmente importante es que Kubala me ha convocado. Yo estoy haciendo todo lo posible en los entrenamientos para hacerme merecedor a un puesto. Pero el solo hecho de figurar entre los dieciocho, me llena de alegr\u00eda<\/em><\/p>\n\n\n\n<p style=\"color:#00a33c\" class=\"has-text-color\"><em><strong>L\u00f3pez, el pulm\u00f3n<\/strong><\/em><\/p>\n\n\n\n<p style=\"color:#00a33c\" class=\"has-text-color\"><em>Nuestro segundo hombre del Betis tiene, al decir de los entendidos, m\u00e1s posibilidades que sus otros compa\u00f1eros. Sus caracter\u00edsticas de batallador, incansable en el centro del campo, le hacer ser uno de los id\u00f3neos para el choque.<\/em><\/p>\n\n\n\n<p style=\"color:#00a33c\" class=\"has-text-color\"><em>No s\u00e9 si voy a jugar o no. Ilusi\u00f3n no me falta y por m\u00ed no va a quedar, ya que me encuentro en excelente estado de forma. Claro que me gustar\u00eda vestir la camiseta de Espa\u00f1a en un partido tan importante, aunque ya me considere satisfecho con haber sido convocado<\/em><\/p>\n\n\n\n<p style=\"color:#00a33c\" class=\"has-text-color\"><em>\u00bfQu\u00e9 puede pasar en Belgrado?<\/em><\/p>\n\n\n\n<p style=\"color:#00a33c\" class=\"has-text-color\"><em>Yo opino que ellos lo tienen m\u00e1s dif\u00edcil que nosotros. Est\u00e1n obligados a hacer dos goles y que nosotros no hagamos ninguno. Esto, suponiendo que perdamos, que no lo considero f\u00e1cil, porque Espa\u00f1a tiene equipo para ganar en Yugoslavia<\/em><\/p>\n\n\n\n<p style=\"color:#00a33c\" class=\"has-text-color\"><em>Hay una cosa clara, y es que los \u201cKubala-boys\u201d son conscientes de la responsabilidad que tienen y que millones de ojos van a estar pendientes de lo que hagan.<\/em><\/p>\n\n\n\n<p style=\"color:#00a33c\" class=\"has-text-color\"><em>No nos asusta la responsabilidad, y estoy seguro de que no vamos a defraudar a los que conf\u00edan en nosotros. De verdad que el ambiente que reina en la concentraci\u00f3n es muy positivo. Somos conscientes de las dificultades que vamos a tener, pero, as\u00ed mismo, confiamos en nuestras posibilidades<\/em><\/p>\n\n\n\n<p style=\"color:#00a33c\" class=\"has-text-color\"><em>\u00bfQu\u00e9 impresi\u00f3n le merece Yugoslavia?<\/em><\/p>\n\n\n\n<p style=\"color:#00a33c\" class=\"has-text-color\"><em>Por lo que les vi frente a Ruman\u00eda, y lo que nos ha dicho el seleccionador, se trata de un cuadro que hace goles con cierta facilidad, joven, y que sabe que se lo juega todo a una carta. Pero, por el contrario, tambi\u00e9n encaja tantos. Parece sr que su defensa no es todo lo s\u00f3lida que ellos desean. Yo apuesto, en fin, por un resultado que permita a Espa\u00f1a estar en Argentina<\/em><\/p>\n\n\n\n<p style=\"color:#00a33c\" class=\"has-text-color\"><em><strong>Carde\u00f1osa, el cerebro<\/strong><\/em><\/p>\n\n\n\n<p style=\"color:#00a33c\" class=\"has-text-color\"><em>El peque\u00f1o jugador vallisoletano, afincado en Sevilla, ha subido su cotizaci\u00f3n personal en los \u00faltimos d\u00edas. Los entrenamientos con la selecci\u00f3n han demostrado su buen momento, pese al regular partido en Chamart\u00edn, bajo la atenta mirada de Kubala.<\/em><\/p>\n\n\n\n<p style=\"color:#00a33c\" class=\"has-text-color\"><em>No creo que el seleccionador juzgue por un solo encuentro. De ser as\u00ed, es seguro que no me hubiera llamado para tan importante choque. Es l\u00f3gico pensar que la llamada se debe a la labor que vengo realizando con el Betis<\/em><\/p>\n\n\n\n<p style=\"color:#00a33c\" class=\"has-text-color\"><em>\u00bfEspera jugar?<\/em><\/p>\n\n\n\n<p style=\"color:#00a33c\" class=\"has-text-color\"><em>Siempre se tiene esa ilusi\u00f3n cuando uno se encuentra entre los dieciocho convocados. Con ella, adem\u00e1s, me vengo empleando en los entrenamientos. Si luego no juego, no ser\u00e1 por falta de ganas y porque no haya puesto todo mi inter\u00e9s. Hay que tener en cuenta que s\u00f3lo pueden salir once, en un principio, mientras que el resto habr\u00e1 de conformarse con sufrir desde el banquillo<\/em><\/p>\n\n\n\n<p style=\"color:#00a33c\" class=\"has-text-color\"><em>\u00bfVa a ser un partido para sufrir?<\/em><\/p>\n\n\n\n<p style=\"color:#00a33c\" class=\"has-text-color\"><em>Tanto ellos como nosotros nos lo jugamos todo en noventa minutos. No cabe duda, pues, que la tensi\u00f3n, los nervios y la incertidumbre es ventaja, a mi modo de ver, nuestra. Cualquier resultado que no sea perder por dos o m\u00e1s goles nos sirve, y ser\u00e1 muy dif\u00edcil que nos hagan dos goles<\/em><\/p>\n\n\n\n<p style=\"color:#00a33c\" class=\"has-text-color\"><em>No va m\u00e1s. Con las opiniones de los tres b\u00e9ticos se termina la rueda de opiniones, en las que el optimismo ha sido el denominador com\u00fan.&nbsp; &nbsp;&nbsp;&nbsp;<\/em>&nbsp;&nbsp;&nbsp;&nbsp;&nbsp;&nbsp;&nbsp;<\/p>\n","protected":false},"excerpt":{"rendered":"<p>El 30 de noviembre de 1977 en un partido dram\u00e1tico en Belgrado la selecci\u00f3n espa\u00f1ola se jugaba participar en la fase final del Campeonato del Mundo que se iba a celebrar en Argentina en el verano de 1978. Espa\u00f1a no se hab\u00eda clasificado ni para la fase final de M\u00e9xico en 1970 ni para la&#8230;<\/p>\n","protected":false},"author":5,"featured_media":73393,"comment_status":"open","ping_status":"open","sticky":false,"template":"","format":"standard","meta":{"_kad_post_transparent":"","_kad_post_title":"","_kad_post_layout":"","_kad_post_sidebar_id":"","_kad_post_content_style":"","_kad_post_vertical_padding":"","_kad_post_feature":"","_kad_post_feature_position":"","_kad_post_header":false,"_kad_post_footer":false,"_kad_post_classname":"","_jetpack_memberships_contains_paid_content":false,"footnotes":"","jetpack_publicize_message":"","jetpack_publicize_feature_enabled":true,"jetpack_social_post_already_shared":true,"jetpack_social_options":{"image_generator_settings":{"template":"highway","default_image_id":0,"font":"","enabled":false},"version":2}},"categories":[903,893,1],"tags":[1024,2144,1178,1155,1164],"class_list":["post-73392","post","type-post","status-publish","format-standard","has-post-thumbnail","hentry","category-1970-1979","category-jugadores-temas","category-portada","tag-1024","tag-1977-78","tag-javier-lopez","tag-julio-cardenosa","tag-sebastian-alabanda"],"jetpack_publicize_connections":[],"jetpack_featured_media_url":"https:\/\/i0.wp.com\/www.manquepierda.com\/historiarealbetis\/files\/2020\/01\/Entrevista-L%C3%B3pez-Alabanda-y-carde%C3%B1osa-1977-NMP-Marca-28-11-1977.jpg?fit=696%2C457&ssl=1","jetpack_sharing_enabled":true,"jetpack_shortlink":"https:\/\/wp.me\/p1ij08-j5K","jetpack-related-posts":[],"_links":{"self":[{"href":"https:\/\/www.manquepierda.com\/historiarealbetis\/wp-json\/wp\/v2\/posts\/73392","targetHints":{"allow":["GET"]}}],"collection":[{"href":"https:\/\/www.manquepierda.com\/historiarealbetis\/wp-json\/wp\/v2\/posts"}],"about":[{"href":"https:\/\/www.manquepierda.com\/historiarealbetis\/wp-json\/wp\/v2\/types\/post"}],"author":[{"embeddable":true,"href":"https:\/\/www.manquepierda.com\/historiarealbetis\/wp-json\/wp\/v2\/users\/5"}],"replies":[{"embeddable":true,"href":"https:\/\/www.manquepierda.com\/historiarealbetis\/wp-json\/wp\/v2\/comments?post=73392"}],"version-history":[{"count":0,"href":"https:\/\/www.manquepierda.com\/historiarealbetis\/wp-json\/wp\/v2\/posts\/73392\/revisions"}],"wp:featuredmedia":[{"embeddable":true,"href":"https:\/\/www.manquepierda.com\/historiarealbetis\/wp-json\/wp\/v2\/media\/73393"}],"wp:attachment":[{"href":"https:\/\/www.manquepierda.com\/historiarealbetis\/wp-json\/wp\/v2\/media?parent=73392"}],"wp:term":[{"taxonomy":"category","embeddable":true,"href":"https:\/\/www.manquepierda.com\/historiarealbetis\/wp-json\/wp\/v2\/categories?post=73392"},{"taxonomy":"post_tag","embeddable":true,"href":"https:\/\/www.manquepierda.com\/historiarealbetis\/wp-json\/wp\/v2\/tags?post=73392"}],"curies":[{"name":"wp","href":"https:\/\/api.w.org\/{rel}","templated":true}]}}