{"id":73489,"date":"2025-02-15T12:00:00","date_gmt":"2025-02-15T11:00:00","guid":{"rendered":"http:\/\/www.manquepierda.com\/historiarealbetis\/?p=73489"},"modified":"2025-01-27T06:58:51","modified_gmt":"2025-01-27T05:58:51","slug":"hoy-hace-50-anos-debut-de-antonio-benitez","status":"publish","type":"post","link":"https:\/\/www.manquepierda.com\/historiarealbetis\/hoy-hace-50-anos-debut-de-antonio-benitez\/","title":{"rendered":"Hoy hace 55 a\u00f1os. Debut de Antonio Ben\u00edtez."},"content":{"rendered":"\n<div class=\"wp-block-image\">\r\n<figure class=\"aligncenter size-large\"><img data-recalc-dims=\"1\" loading=\"lazy\" decoding=\"async\" width=\"218\" height=\"307\" class=\"wp-image-73490 aligncenter\" src=\"https:\/\/i0.wp.com\/www.manquepierda.com\/historiarealbetis\/files\/2020\/02\/15-1970-Debut-de-Antonio-Ben%C3%ADtez.jpg?resize=218%2C307&#038;ssl=1\" alt=\"\" srcset=\"https:\/\/i0.wp.com\/www.manquepierda.com\/historiarealbetis\/files\/2020\/02\/15-1970-Debut-de-Antonio-Ben%C3%ADtez.jpg?w=218&amp;ssl=1 218w, https:\/\/i0.wp.com\/www.manquepierda.com\/historiarealbetis\/files\/2020\/02\/15-1970-Debut-de-Antonio-Ben%C3%ADtez.jpg?resize=156%2C220&amp;ssl=1 156w\" sizes=\"auto, (max-width: 218px) 100vw, 218px\" \/><\/figure>\r\n<\/div>\n\n\n\n<p class=\"has-text-color\" style=\"color: #00a38b\"><span style=\"color: #008000\">El 15 de febrero de 1970 debuta en partido oficial con Real Betis Balompi\u00e9 Antonio Ben\u00edtez Fern\u00e1ndez, en el partido de la jornada 24 del Campeonato de Liga de Segunda Divisi\u00f3n que enfrenta en La Rosaleda a M\u00e1laga y Betis.<\/span><\/p>\r\n<p><span style=\"color: #008000\">\n\n\n\n<\/span><\/p>\r\n<p class=\"has-text-color\" style=\"color: #00a38b\"><span style=\"color: #008000\">Cuando Ben\u00edtez debut\u00f3 con el Betis ten\u00eda 18 a\u00f1os y hab\u00eda llegado procedente del Jerez Deportivo una semana antes.<\/span><\/p>\n\n\n<p>\u00a0<\/p>\n<p><span style=\"color: #008000\">Para saber m\u00e1s de su trayectoria b\u00e9tica ver <a href=\"https:\/\/www.manquepierda.com\/historiarealbetis\/antonio-benitez\/\"><strong>aqu\u00ed.<\/strong><\/a>\u00a0<\/span><\/p>","protected":false},"excerpt":{"rendered":"<p>El 15 de febrero de 1970 debuta en partido oficial con Real Betis Balompi\u00e9 Antonio Ben\u00edtez Fern\u00e1ndez, en el partido de la jornada 24 del Campeonato de Liga de Segunda Divisi\u00f3n que enfrenta en La Rosaleda a M\u00e1laga y Betis. Cuando Ben\u00edtez debut\u00f3 con el Betis ten\u00eda 18 a\u00f1os y hab\u00eda llegado procedente del Jerez&#8230;<\/p>\n","protected":false},"author":5,"featured_media":73490,"comment_status":"open","ping_status":"open","sticky":false,"template":"","format":"standard","meta":{"_kad_post_transparent":"","_kad_post_title":"","_kad_post_layout":"","_kad_post_sidebar_id":"","_kad_post_content_style":"","_kad_post_vertical_padding":"","_kad_post_feature":"","_kad_post_feature_position":"","_kad_post_header":false,"_kad_post_footer":false,"_kad_post_classname":"","_jetpack_memberships_contains_paid_content":false,"footnotes":"","jetpack_publicize_message":"","jetpack_publicize_feature_enabled":true,"jetpack_social_post_already_shared":true,"jetpack_social_options":{"image_generator_settings":{"template":"highway","default_image_id":0,"font":"","enabled":false},"version":2}},"categories":[903,14583,1],"tags":[4639,1120,17854],"class_list":["post-73489","post","type-post","status-publish","format-standard","has-post-thumbnail","hentry","category-1970-1979","category-efemerides","category-portada","tag-4639","tag-antonio-benitez","tag-liga-segunda-1969-70"],"jetpack_publicize_connections":[],"jetpack_featured_media_url":"https:\/\/i0.wp.com\/www.manquepierda.com\/historiarealbetis\/files\/2020\/02\/15-1970-Debut-de-Antonio-Ben%C3%ADtez.jpg?fit=218%2C307&ssl=1","jetpack_sharing_enabled":true,"jetpack_shortlink":"https:\/\/wp.me\/p1ij08-j7j","jetpack-related-posts":[],"_links":{"self":[{"href":"https:\/\/www.manquepierda.com\/historiarealbetis\/wp-json\/wp\/v2\/posts\/73489","targetHints":{"allow":["GET"]}}],"collection":[{"href":"https:\/\/www.manquepierda.com\/historiarealbetis\/wp-json\/wp\/v2\/posts"}],"about":[{"href":"https:\/\/www.manquepierda.com\/historiarealbetis\/wp-json\/wp\/v2\/types\/post"}],"author":[{"embeddable":true,"href":"https:\/\/www.manquepierda.com\/historiarealbetis\/wp-json\/wp\/v2\/users\/5"}],"replies":[{"embeddable":true,"href":"https:\/\/www.manquepierda.com\/historiarealbetis\/wp-json\/wp\/v2\/comments?post=73489"}],"version-history":[{"count":4,"href":"https:\/\/www.manquepierda.com\/historiarealbetis\/wp-json\/wp\/v2\/posts\/73489\/revisions"}],"predecessor-version":[{"id":101734,"href":"https:\/\/www.manquepierda.com\/historiarealbetis\/wp-json\/wp\/v2\/posts\/73489\/revisions\/101734"}],"wp:featuredmedia":[{"embeddable":true,"href":"https:\/\/www.manquepierda.com\/historiarealbetis\/wp-json\/wp\/v2\/media\/73490"}],"wp:attachment":[{"href":"https:\/\/www.manquepierda.com\/historiarealbetis\/wp-json\/wp\/v2\/media?parent=73489"}],"wp:term":[{"taxonomy":"category","embeddable":true,"href":"https:\/\/www.manquepierda.com\/historiarealbetis\/wp-json\/wp\/v2\/categories?post=73489"},{"taxonomy":"post_tag","embeddable":true,"href":"https:\/\/www.manquepierda.com\/historiarealbetis\/wp-json\/wp\/v2\/tags?post=73489"}],"curies":[{"name":"wp","href":"https:\/\/api.w.org\/{rel}","templated":true}]}}