{"id":73716,"date":"2020-02-19T09:29:45","date_gmt":"2020-02-19T08:29:45","guid":{"rendered":"http:\/\/www.manquepierda.com\/historiarealbetis\/?p=73716"},"modified":"2020-02-17T07:34:27","modified_gmt":"2020-02-17T06:34:27","slug":"si-sale-cruz-damos-la-cara-1991","status":"publish","type":"post","link":"https:\/\/www.manquepierda.com\/historiarealbetis\/si-sale-cruz-damos-la-cara-1991\/","title":{"rendered":"Si sale cruz, damos la cara. 1991"},"content":{"rendered":"<p><a href=\"https:\/\/i0.wp.com\/www.manquepierda.com\/historiarealbetis\/files\/2020\/02\/Cartel-socios-1991-.jpg?ssl=1\"><img data-recalc-dims=\"1\" loading=\"lazy\" decoding=\"async\" class=\"aligncenter size-medium wp-image-73717\" src=\"https:\/\/i0.wp.com\/www.manquepierda.com\/historiarealbetis\/files\/2020\/02\/Cartel-socios-1991-.jpg?resize=428%2C600&#038;ssl=1\" alt=\"\" width=\"428\" height=\"600\" srcset=\"https:\/\/i0.wp.com\/www.manquepierda.com\/historiarealbetis\/files\/2020\/02\/Cartel-socios-1991-.jpg?resize=428%2C600&amp;ssl=1 428w, https:\/\/i0.wp.com\/www.manquepierda.com\/historiarealbetis\/files\/2020\/02\/Cartel-socios-1991-.jpg?resize=500%2C700&amp;ssl=1 500w, https:\/\/i0.wp.com\/www.manquepierda.com\/historiarealbetis\/files\/2020\/02\/Cartel-socios-1991-.jpg?resize=157%2C220&amp;ssl=1 157w, https:\/\/i0.wp.com\/www.manquepierda.com\/historiarealbetis\/files\/2020\/02\/Cartel-socios-1991-.jpg?resize=768%2C1076&amp;ssl=1 768w, https:\/\/i0.wp.com\/www.manquepierda.com\/historiarealbetis\/files\/2020\/02\/Cartel-socios-1991-.jpg?w=1080&amp;ssl=1 1080w\" sizes=\"auto, (max-width: 428px) 100vw, 428px\" \/><\/a><\/p>\n<p>Cartel de la campa\u00f1a de captaci\u00f3n de socios de la temporada 1991-92, realizado por el fot\u00f3grafo Antonio Esquivias.<\/p>\n<p>Esta campa\u00f1a fue presentada en el Hotel Los Lebreros el 25 de julio de 1991 por el presidente b\u00e9tico Hugo Galera. El objetivo de la campa\u00f1a era mantener los 22 mil socios con que contaba la entidad, despu\u00e9s de haber perdido la categor\u00eda en la Primera Divisi\u00f3n en la temporada anterior.<\/p>\n<p>Agradecer a Antonio Esquivias la colaboraci\u00f3n prestada.<\/p>\n","protected":false},"excerpt":{"rendered":"<p>Cartel de la campa\u00f1a de captaci\u00f3n de socios de la temporada 1991-92, realizado por el fot\u00f3grafo Antonio Esquivias. Esta campa\u00f1a fue presentada en el Hotel Los Lebreros el 25 de julio de 1991 por el presidente b\u00e9tico Hugo Galera. El objetivo de la campa\u00f1a era mantener los 22 mil socios con que contaba la entidad,&#8230;<\/p>\n","protected":false},"author":5,"featured_media":73717,"comment_status":"open","ping_status":"open","sticky":false,"template":"","format":"standard","meta":{"_kad_post_transparent":"","_kad_post_title":"","_kad_post_layout":"","_kad_post_sidebar_id":"","_kad_post_content_style":"","_kad_post_vertical_padding":"","_kad_post_feature":"","_kad_post_feature_position":"","_kad_post_header":false,"_kad_post_footer":false,"_kad_post_classname":"","_jetpack_memberships_contains_paid_content":false,"footnotes":"","jetpack_publicize_message":"","jetpack_publicize_feature_enabled":true,"jetpack_social_post_already_shared":true,"jetpack_social_options":{"image_generator_settings":{"template":"highway","default_image_id":0,"font":"","enabled":false},"version":2}},"categories":[905,1],"tags":[4649,4650],"class_list":["post-73716","post","type-post","status-publish","format-standard","has-post-thumbnail","hentry","category-1990-1999","category-portada","tag-4649","tag-1991-92"],"jetpack_publicize_connections":[],"jetpack_featured_media_url":"https:\/\/i0.wp.com\/www.manquepierda.com\/historiarealbetis\/files\/2020\/02\/Cartel-socios-1991-.jpg?fit=1080%2C1513&ssl=1","jetpack_sharing_enabled":true,"jetpack_shortlink":"https:\/\/wp.me\/p1ij08-jaY","jetpack-related-posts":[],"_links":{"self":[{"href":"https:\/\/www.manquepierda.com\/historiarealbetis\/wp-json\/wp\/v2\/posts\/73716","targetHints":{"allow":["GET"]}}],"collection":[{"href":"https:\/\/www.manquepierda.com\/historiarealbetis\/wp-json\/wp\/v2\/posts"}],"about":[{"href":"https:\/\/www.manquepierda.com\/historiarealbetis\/wp-json\/wp\/v2\/types\/post"}],"author":[{"embeddable":true,"href":"https:\/\/www.manquepierda.com\/historiarealbetis\/wp-json\/wp\/v2\/users\/5"}],"replies":[{"embeddable":true,"href":"https:\/\/www.manquepierda.com\/historiarealbetis\/wp-json\/wp\/v2\/comments?post=73716"}],"version-history":[{"count":0,"href":"https:\/\/www.manquepierda.com\/historiarealbetis\/wp-json\/wp\/v2\/posts\/73716\/revisions"}],"wp:featuredmedia":[{"embeddable":true,"href":"https:\/\/www.manquepierda.com\/historiarealbetis\/wp-json\/wp\/v2\/media\/73717"}],"wp:attachment":[{"href":"https:\/\/www.manquepierda.com\/historiarealbetis\/wp-json\/wp\/v2\/media?parent=73716"}],"wp:term":[{"taxonomy":"category","embeddable":true,"href":"https:\/\/www.manquepierda.com\/historiarealbetis\/wp-json\/wp\/v2\/categories?post=73716"},{"taxonomy":"post_tag","embeddable":true,"href":"https:\/\/www.manquepierda.com\/historiarealbetis\/wp-json\/wp\/v2\/tags?post=73716"}],"curies":[{"name":"wp","href":"https:\/\/api.w.org\/{rel}","templated":true}]}}